{"id":104854,"date":"2020-07-13T06:22:34","date_gmt":"2020-07-13T09:22:34","guid":{"rendered":"http:\/\/argentinamunicipal.com.ar\/argentina\/?p=104854"},"modified":"2020-07-13T06:22:34","modified_gmt":"2020-07-13T09:22:34","slug":"santa-fe-paritaria-municipal-sin-acuerdo","status":"publish","type":"post","link":"http:\/\/argentinamunicipal.com.ar\/argentina\/santa-fe-paritaria-municipal-sin-acuerdo\/","title":{"rendered":"Santa Fe: Paritaria Municipal sin Acuerdo"},"content":{"rendered":"<p>FESTRAM SE REUNIR\u00c1 EN UN PLENARIO VIRTUAL DE SECRETARIOS GENERALES PARA DEBATIR LOS PASOS A SEGUIR ANTE TAN DILATADA PARITARIA.<\/p>\n<p>La Comisi\u00f3n Paritaria Municipal se volvi\u00f3 a reunir hoy con la participaci\u00f3n de los Municipios de Rosario, Santa Fe, San Javier, Villa Gobernador G\u00e1lvez y la Comuna de Ca\u00f1ada Rosqu\u00edn. Por parte del Consejo Directivo de FESTRAM asistieron Antonio Ratner, Jes\u00fas Monz\u00f3n, Mauricio Herzog, Dar\u00edo Cocco, Germ\u00e1n Ocampo y Horacio Chiappero.<\/p>\n<p>En la misma se ratific\u00f3 nuevamente la\u00a0prohibici\u00f3n de no efectuar descuentos, ni reducciones salariales en las remuneraciones habituales y permanentes de los trabajadores y trabajadoras\u00a0de los Municipios y Comunas, conforme a su situaci\u00f3n de revista, cargo y funci\u00f3n, en virtud de las medidas adoptadas por los Estados Locales, Provincial y Nacional mientras se encuentre vigente la declaraci\u00f3n de pandemia. Con lo cual, en aquellas Administraciones Locales, que hayan producido deducciones salariales, modificaci\u00f3n o reducci\u00f3n de suplementos y adicionales, deber\u00e1n reintegrarlos inmediatamente.<\/p>\n<p>Respecto al pago del Bono de $3000 \u2013que si bien ya fue abonado y convenido en varios Municipios y Comunas- la Federaci\u00f3n remiti\u00f3 nota al titular de la Secretar\u00eda de Fortalecimiento Institucional, para que la circularice a las Administraciones Locales que a\u00fan no dieron cumplimiento al pago del Bono determinado en el Decreto 302\/2020, que estipula que el mismo debe abonarse con los recursos establecidos en la Ley N\u00b013.978 de fondos destinados en la lucha por la pandemia y cuya imputaci\u00f3n refieren los incisos f), j) y k) de la Resoluci\u00f3n N\u00b0 0043\/20 del Ministerio de Gesti\u00f3n P\u00fablica.<\/p>\n<p>En cuanto a la discusi\u00f3n salarial, la Federaci\u00f3n propuso\u00a0\u201c\u2026 una recomposici\u00f3n salarial conforme a la actualizaci\u00f3n inflacionaria establecida por el IPEC durante el 2020 hasta tanto se formalice la propuesta salarial integral de parte de representaci\u00f3n paritaria de municipios y comunas\u201d, mientras que no hubo respuesta por parte de la contraparte.<\/p>\n<p>Es lamentable la falta de decisi\u00f3n, compromiso e iniciativa de la representaci\u00f3n patronal para elaborar una propuesta ya que adem\u00e1s reproduce, se encuadra o se escuda en las pol\u00edticas del Gobierno Provincial sin pensar en la dif\u00edcil situaci\u00f3n\u00a0que atraviesan quienes a diario\u00a0\u2013y desde el inicio del ASPO-\u00a0se encuentran desarrollando tareas esenciales para el conjunto de la poblaci\u00f3n.\u00a0Una vez m\u00e1s, la falta de solidaridad queda en evidencia en este contexto de Pandemia.<\/p>\n<p>Por todo esto, en los pr\u00f3ximos d\u00edas se concretar\u00e1 por teleconferencia un Plenario de Secretarios Generales, donde se evaluar\u00e1 la estrategia del conjunto de los Gremios Municipales.<\/p>\n<h6>PRENSA FESTRAM<\/h6>\n","protected":false},"excerpt":{"rendered":"<p>FESTRAM SE REUNIR\u00c1 EN UN PLENARIO VIRTUAL DE SECRETARIOS GENERALES PARA DEBATIR LOS PASOS A SEGUIR ANTE TAN DILATADA PARITARIA.<\/p>\n","protected":false},"author":2,"featured_media":104855,"comment_status":"closed","ping_status":"closed","sticky":false,"template":"","format":"standard","meta":{"footnotes":""},"categories":[7],"tags":[10],"class_list":["post-104854","post","type-post","status-publish","format-standard","has-post-thumbnail","hentry","category-informe-sindical","tag-santa-fe"],"_links":{"self":[{"href":"http:\/\/argentinamunicipal.com.ar\/argentina\/wp-json\/wp\/v2\/posts\/104854","targetHints":{"allow":["GET"]}}],"collection":[{"href":"http:\/\/argentinamunicipal.com.ar\/argentina\/wp-json\/wp\/v2\/posts"}],"about":[{"href":"http:\/\/argentinamunicipal.com.ar\/argentina\/wp-json\/wp\/v2\/types\/post"}],"author":[{"embeddable":true,"href":"http:\/\/argentinamunicipal.com.ar\/argentina\/wp-json\/wp\/v2\/users\/2"}],"replies":[{"embeddable":true,"href":"http:\/\/argentinamunicipal.com.ar\/argentina\/wp-json\/wp\/v2\/comments?post=104854"}],"version-history":[{"count":0,"href":"http:\/\/argentinamunicipal.com.ar\/argentina\/wp-json\/wp\/v2\/posts\/104854\/revisions"}],"wp:featuredmedia":[{"embeddable":true,"href":"http:\/\/argentinamunicipal.com.ar\/argentina\/wp-json\/wp\/v2\/media\/104855"}],"wp:attachment":[{"href":"http:\/\/argentinamunicipal.com.ar\/argentina\/wp-json\/wp\/v2\/media?parent=104854"}],"wp:term":[{"taxonomy":"category","embeddable":true,"href":"http:\/\/argentinamunicipal.com.ar\/argentina\/wp-json\/wp\/v2\/categories?post=104854"},{"taxonomy":"post_tag","embeddable":true,"href":"http:\/\/argentinamunicipal.com.ar\/argentina\/wp-json\/wp\/v2\/tags?post=104854"}],"curies":[{"name":"wp","href":"https:\/\/api.w.org\/{rel}","templated":true}]}}