{"id":104987,"date":"2020-07-15T07:45:37","date_gmt":"2020-07-15T10:45:37","guid":{"rendered":"http:\/\/argentinamunicipal.com.ar\/argentina\/?p=104987"},"modified":"2020-07-15T07:45:37","modified_gmt":"2020-07-15T10:45:37","slug":"acuerdos-para-implementar-el-programa-potenciar-trabajo-santa-fe","status":"publish","type":"post","link":"http:\/\/argentinamunicipal.com.ar\/argentina\/acuerdos-para-implementar-el-programa-potenciar-trabajo-santa-fe\/","title":{"rendered":"Acuerdos para implementar el Programa Potenciar Trabajo Santa Fe"},"content":{"rendered":"<p>Provincia y Naci\u00f3n firmaron convenios que rondan los 410 millones de pesos.<\/p>\n<p>El gobernador Omar Perotti y el ministro de Desarrollo Social de la Naci\u00f3n, Daniel Arroyo, firmaron este jueves distintos convenios tendientes a la implementaci\u00f3n del Programa Potenciar Trabajo Santa Fe.<\/p>\n<p>Los acuerdos, implicar\u00e1n una inversi\u00f3n nacional de 410.564.644.36 de pesos. Estar\u00e1 destinado al inicio, desarrollo y fortalecimiento de los proyectos socio-productivos \/ socio-laborales y\/o socio-comunitarios que se ejecuten en el marco del\u00a0Programa Potenciar Trabajo.<\/p>\n<p>\u201cNos parece una opci\u00f3n superadora\u00a0estar pensando, en este momento, en actividades que nos faciliten opciones laborales y acompa\u00f1amiento a sectores que hoy no est\u00e1n contenidos formalmente\u201d, valor\u00f3 Perotti.<\/p>\n<p>En este sentido, el gobernador dijo que \u201centusiasma la formulaci\u00f3n de estos programas. Los vamos a aplicar plenamente en el territorio provincial y seguramente surgir\u00e1n mejoras. Poder sumar hoy, en toda esta etapa de acuerdos con convenios, 410 millones de pesos es algo que valoramos enormemente desde el gobierno de la provincia\u201d, concluy\u00f3 el gobernador.<\/p>\n<p>Por su parte, Arroyo afirm\u00f3 que \u201choy el eje pasa por el trabajo. Hoy el Ministerio de Desarrollo Social es\u00a090 por ciento asistencia alimentaria y 10 por ciento trabajo. Aspiramos a fin de a\u00f1o ir equilibrando y que despu\u00e9s el eje central tenga que ver con el trabajo\u201d.<\/p>\n<p>Proyectos<br \/>\nDurante el encuentro, llevado a cabo mediante videoconferencia, el ministro de Desarrollo Social de la provincia,\u00a0Danilo Capitani, afirm\u00f3 que \u201cestos convenios son el resultado de todas las reuniones que se fueron planteando desde Naci\u00f3n con varios proyectos para que podamos llevar adelante la conformaci\u00f3n de lo que es la unidad de gesti\u00f3n de este programa, que es Potenciar Trabajo\u201d.<\/p>\n<p>Por su parte, la ministra de Educaci\u00f3n,\u00a0Adriana Cantero,\u00a0valor\u00f3 \u201cesta oportunidad que da trabajo, que convoca a un trabajo solidario y que, al mismo tiempo,\u00a0nos permiten mejorar las escuelas, que son ese espacio que tanto queremos para cuidar la infancia y la adolescencia que crece entre nosotros\u201d.<\/p>\n<p>Por \u00faltimo, el ministro de Producci\u00f3n, Ciencia y Tecnolog\u00eda,\u00a0Daniel Costamagna, sostuvo que \u201ces una gran alegr\u00eda poder contar con esta herramienta para los j\u00f3venes en su \u00faltimo a\u00f1o vinculados a las escuelas agrot\u00e9cnicas, a las escuelas de las familias agr\u00edcolas. Estos m\u00f3dulos, estos proyectos, tienen que ver con la producci\u00f3n hort\u00edcola, con la producci\u00f3n caprina, con la producci\u00f3n de huevos, de pollos parrilleros y de piscicultura\u201d.<\/p>\n<p>Convenios del Programa Potenciar Trabajo<br \/>\nConformaci\u00f3n Unidad de Gesti\u00f3n Potenciar Trabajo \u2013 Provincia de Santa Fe para llevar adelante los distintos proyectos.<\/p>\n<p>\u201cConvenio para pinturas de escuelas\u201d para desarrollar tareas de pintura en escuelas de la provincia;<\/p>\n<p>\u201cConvenio para banco de maquinarias, herramientas y materiales\u201d para atender las necesidades de personas en situaci\u00f3n de alta vulnerabilidad social y econ\u00f3mica mediante la entrega de insumos, herramientas y \/o equipamiento para estimular el desarrollo productivo en peque\u00f1a escala;<\/p>\n<p>\u201cConvenio para la refacci\u00f3n de espacios de primera infancia\u201d para contribuir a la refacci\u00f3n de siete Centros de Primera Infancia localizados en los municipios de Rosario, Laguna Paiva, y Santa Fe;<\/p>\n<p>\u201cConvenio para el fortalecimiento de la agricultura familiar\u201d para mejorar la infraestructura productiva, potenciar las organizaciones de la agricultura familiar y agregar valor a las producciones familiares mediante la incorporaci\u00f3n de m\u00f3dulos productivos.<\/p>\n<h6>Fuente: Sin Mordaza<\/h6>\n","protected":false},"excerpt":{"rendered":"<p>Provincia y Naci\u00f3n firmaron convenios que rondan los 410 millones de pesos.<\/p>\n","protected":false},"author":2,"featured_media":104988,"comment_status":"closed","ping_status":"closed","sticky":false,"template":"","format":"standard","meta":{"footnotes":""},"categories":[65],"tags":[10],"class_list":["post-104987","post","type-post","status-publish","format-standard","has-post-thumbnail","hentry","category-provincias","tag-santa-fe"],"_links":{"self":[{"href":"http:\/\/argentinamunicipal.com.ar\/argentina\/wp-json\/wp\/v2\/posts\/104987","targetHints":{"allow":["GET"]}}],"collection":[{"href":"http:\/\/argentinamunicipal.com.ar\/argentina\/wp-json\/wp\/v2\/posts"}],"about":[{"href":"http:\/\/argentinamunicipal.com.ar\/argentina\/wp-json\/wp\/v2\/types\/post"}],"author":[{"embeddable":true,"href":"http:\/\/argentinamunicipal.com.ar\/argentina\/wp-json\/wp\/v2\/users\/2"}],"replies":[{"embeddable":true,"href":"http:\/\/argentinamunicipal.com.ar\/argentina\/wp-json\/wp\/v2\/comments?post=104987"}],"version-history":[{"count":0,"href":"http:\/\/argentinamunicipal.com.ar\/argentina\/wp-json\/wp\/v2\/posts\/104987\/revisions"}],"wp:featuredmedia":[{"embeddable":true,"href":"http:\/\/argentinamunicipal.com.ar\/argentina\/wp-json\/wp\/v2\/media\/104988"}],"wp:attachment":[{"href":"http:\/\/argentinamunicipal.com.ar\/argentina\/wp-json\/wp\/v2\/media?parent=104987"}],"wp:term":[{"taxonomy":"category","embeddable":true,"href":"http:\/\/argentinamunicipal.com.ar\/argentina\/wp-json\/wp\/v2\/categories?post=104987"},{"taxonomy":"post_tag","embeddable":true,"href":"http:\/\/argentinamunicipal.com.ar\/argentina\/wp-json\/wp\/v2\/tags?post=104987"}],"curies":[{"name":"wp","href":"https:\/\/api.w.org\/{rel}","templated":true}]}}