{"id":105041,"date":"2020-07-16T07:54:02","date_gmt":"2020-07-16T10:54:02","guid":{"rendered":"http:\/\/argentinamunicipal.com.ar\/argentina\/?p=105041"},"modified":"2020-07-16T07:54:02","modified_gmt":"2020-07-16T10:54:02","slug":"tras-la-audiencia-de-conciliacion-se-levanto-el-paro-de-municipales-en-la-ciudad-de-santa-fe","status":"publish","type":"post","link":"http:\/\/argentinamunicipal.com.ar\/argentina\/tras-la-audiencia-de-conciliacion-se-levanto-el-paro-de-municipales-en-la-ciudad-de-santa-fe\/","title":{"rendered":"Tras la audiencia de conciliaci\u00f3n se levant\u00f3 el paro de municipales en la ciudad de Santa Fe"},"content":{"rendered":"<p>Acordaron que no realizar\u00e1n ninguna otra medida por 15 d\u00edas, tiempo en el que esperan solucionar el conflicto<\/p>\n<p>Tras la audiencia de conciliaci\u00f3n obligatoria celebrada en el Ministerio de Trabajo de la provincia, los trabajadores municipales decidieron levantar la medida de fuerza por 15 d\u00edas, fecha en que esperan poder encontrar una soluci\u00f3n a su conflicto.<\/p>\n<p>\u00abEl sindicato va a convocar a la Comisi\u00f3n Directiva para reanudar las actividades en el turno tarde en la Municipalidad de Santa Fe\u00bb, dijo Osvaldo Medina secretario General de Asoem al salir de la reuni\u00f3n, al mismo tiempo que dijo que se comprometieron negociar en estos d\u00edas en un marco de colaboraci\u00f3n y respeto.<\/p>\n<p>Cabe recordar que los trabajadores municipales hab\u00eda comenzado con un paro de 24 horas sin asistencia a los lugares de trabajo pero con guardias m\u00ednimas. A trav\u00e9s de un comunicado, el gremio subraya en relaci\u00f3n a los motivos del paro: \u00abEl Art\u00edculo 53 Inciso F de la Ley Nacional N\u00ba 23.551 de Asociaciones Sindicales establece que la pr\u00e1ctica desleal es rehusarse a negociar colectivamente con la asociaci\u00f3n sindical capacitada para hacerlo o provocar dilaciones que tiendan a obstruir el proceso de negociaci\u00f3n\u00bb.<\/p>\n<p>La medida, seg\u00fan anunciaron tambi\u00e9n alcanzaba al \u00abConcejo Municipal, el Tribunal de Cuentas y la Caja Municipal de Jubilaciones y Pensiones\u00bb.<\/p>\n<h6>Fuente: Uno<\/h6>\n","protected":false},"excerpt":{"rendered":"<p>Acordaron que no realizar\u00e1n ninguna otra medida por 15 d\u00edas, tiempo en el que esperan solucionar el conflicto<\/p>\n","protected":false},"author":2,"featured_media":105042,"comment_status":"closed","ping_status":"closed","sticky":false,"template":"","format":"standard","meta":{"footnotes":""},"categories":[7],"tags":[10],"class_list":["post-105041","post","type-post","status-publish","format-standard","has-post-thumbnail","hentry","category-informe-sindical","tag-santa-fe"],"_links":{"self":[{"href":"http:\/\/argentinamunicipal.com.ar\/argentina\/wp-json\/wp\/v2\/posts\/105041","targetHints":{"allow":["GET"]}}],"collection":[{"href":"http:\/\/argentinamunicipal.com.ar\/argentina\/wp-json\/wp\/v2\/posts"}],"about":[{"href":"http:\/\/argentinamunicipal.com.ar\/argentina\/wp-json\/wp\/v2\/types\/post"}],"author":[{"embeddable":true,"href":"http:\/\/argentinamunicipal.com.ar\/argentina\/wp-json\/wp\/v2\/users\/2"}],"replies":[{"embeddable":true,"href":"http:\/\/argentinamunicipal.com.ar\/argentina\/wp-json\/wp\/v2\/comments?post=105041"}],"version-history":[{"count":0,"href":"http:\/\/argentinamunicipal.com.ar\/argentina\/wp-json\/wp\/v2\/posts\/105041\/revisions"}],"wp:featuredmedia":[{"embeddable":true,"href":"http:\/\/argentinamunicipal.com.ar\/argentina\/wp-json\/wp\/v2\/media\/105042"}],"wp:attachment":[{"href":"http:\/\/argentinamunicipal.com.ar\/argentina\/wp-json\/wp\/v2\/media?parent=105041"}],"wp:term":[{"taxonomy":"category","embeddable":true,"href":"http:\/\/argentinamunicipal.com.ar\/argentina\/wp-json\/wp\/v2\/categories?post=105041"},{"taxonomy":"post_tag","embeddable":true,"href":"http:\/\/argentinamunicipal.com.ar\/argentina\/wp-json\/wp\/v2\/tags?post=105041"}],"curies":[{"name":"wp","href":"https:\/\/api.w.org\/{rel}","templated":true}]}}