{"id":1051,"date":"2014-02-14T20:21:55","date_gmt":"2014-02-14T23:21:55","guid":{"rendered":"http:\/\/argentinamunicipal.com.ar\/argentina\/?p=1051"},"modified":"2014-02-14T20:23:18","modified_gmt":"2014-02-14T23:23:18","slug":"en-mar-del-plata-se-lanzo-la-mesa-de-trabajo-sobre-asuntos-indigenas","status":"publish","type":"post","link":"http:\/\/argentinamunicipal.com.ar\/argentina\/en-mar-del-plata-se-lanzo-la-mesa-de-trabajo-sobre-asuntos-indigenas\/","title":{"rendered":"En Mar del Plata se lanz\u00f3 la Mesa de Trabajo sobre Asuntos Ind\u00edgenas"},"content":{"rendered":"<div id=\"attachment_1052\" style=\"width: 653px\" class=\"wp-caption aligncenter\"><a href=\"http:\/\/argentinamunicipal.com.ar\/argentina\/wp-content\/uploads\/2014\/02\/Fotos-MGP-DD-HH-Reunion-Mesa-de-Trabajo-sobre-Asuntos-Ind\u00edgenas-.jpg\"><img loading=\"lazy\" decoding=\"async\" aria-describedby=\"caption-attachment-1052\" class=\"size-full wp-image-1052\" alt=\"La mesa interinstitucional abordar\u00e1 las diferentes tem\u00e1ticas que interesan al sector.\" src=\"http:\/\/argentinamunicipal.com.ar\/argentina\/wp-content\/uploads\/2014\/02\/Fotos-MGP-DD-HH-Reunion-Mesa-de-Trabajo-sobre-Asuntos-Ind\u00edgenas-.jpg\" width=\"643\" height=\"377\" srcset=\"http:\/\/argentinamunicipal.com.ar\/argentina\/wp-content\/uploads\/2014\/02\/Fotos-MGP-DD-HH-Reunion-Mesa-de-Trabajo-sobre-Asuntos-Ind\u00edgenas-.jpg 643w, http:\/\/argentinamunicipal.com.ar\/argentina\/wp-content\/uploads\/2014\/02\/Fotos-MGP-DD-HH-Reunion-Mesa-de-Trabajo-sobre-Asuntos-Ind\u00edgenas--300x175.jpg 300w\" sizes=\"auto, (max-width: 643px) 100vw, 643px\" \/><\/a><p id=\"caption-attachment-1052\" class=\"wp-caption-text\">La mesa interinstitucional abordar\u00e1 las diferentes tem\u00e1ticas que interesan al sector.<\/p><\/div>\n<p>El objetivo es \u00abincluir la tem\u00e1tica ind\u00edgena en el debate de la agenda p\u00fablica y pol\u00edtica de la ciudad, fortaleciendo as\u00ed la pol\u00edtica p\u00fablica municipal destinada a un colectivo que hist\u00f3ricamente ha sido invisibilizado\u00bb, asever\u00f3 Jos\u00e9 Luis Zerillo.<\/p>\n<p>Se concret\u00f3 ayer la presentaci\u00f3n de la Mesa de Trabajo sobre Asuntos Ind\u00edgenas del partido de General Pueyrredon. Fue en el marco de un concurrido acto organizado por la Direcci\u00f3n Municipal de Derechos Humanos, a cargo de Jos\u00e9 Luis Zerillo, en instalaciones del recinto de sesiones del Concejo Deliberante.<\/p>\n<p>Adem\u00e1s del representante de Derechos Humanos municipal -oficina que tendr\u00e1 a su cargo la coordinaci\u00f3n de la Mesa- participaron del encuentro la subsecretaria de Desarrollo Productivo de la comuna, Jorgelina Porta, el director coordinador de Cultura, Mauricio Espil, el defensor del Pueblo, Fernando Cuesta, el director general de Cooperativas y Mutuales, Gustavo Casciotti, el encargado de Relaciones Institucionales de la Afsca Mar del Plata, Samuel Demarco, el coordinador del Consejo de Cultura, Daniel Villalba Arias, y los concejales Javier Woollands, Maximiliano Abad y Marcos Guti\u00e9rrez.<\/p>\n<p>Tambi\u00e9n se sumaron al acto representantes de la Organizaci\u00f3n Social de Pueblos Ind\u00edgenas del Partido de General Pueyrredon, el Centro Cultural Kolla y la Comunidad Quechua Pachakutiy, as\u00ed como otros integrantes de pueblos ind\u00edgenas, actores sociales y culturales vinculados con la tem\u00e1tica y p\u00fablico en general.<\/p>\n<p>Al hacer uso de la palabra, Zerillo afirm\u00f3 que \u00abpara nosotros es una alegr\u00eda estar lanzando esta Mesa que permitir\u00e1 incluir a la tem\u00e1tica ind\u00edgena en el debate de la agenda p\u00fablica y pol\u00edtica de la ciudad, fortaleciendo as\u00ed la pol\u00edtica p\u00fablica municipal destinada a un colectivo que hist\u00f3ricamente ha sido invisibilizado\u00bb.<\/p>\n<p>\u00abComo Direcci\u00f3n de Derechos Humanos nos comprometemos a trabajar activamente en este espacio pero tambi\u00e9n queremos dejar en claro que venimos a aprender sobre una cosmovisi\u00f3n que no se corresponde con el modelo hegem\u00f3nico cultural sino que nace de una cosmovisi\u00f3n ancestral\u00bb, enfatiz\u00f3 m\u00e1s adelante Zerillo, tras destacar que la Municipalidad de General Pueyrredon estar\u00e1 representada en la Mesa a trav\u00e9s de diferentes \u00e1reas, como la propia Direcci\u00f3n de Derechos Humanos adem\u00e1s de las Secretar\u00edas de Producci\u00f3n, Educaci\u00f3n y Cultura, Zerillo anunci\u00f3 que el espacio mantendr\u00e1 reuniones mensuales, la primera de las cuales se desarrollar\u00e1 el 12 de marzo a las 12.<\/p>\n<p>A su turno tanto Porta como Espil celebraron la creaci\u00f3n de este nueve espacio institucional y comprometieron el apoyo de las \u00e1reas de Desarrollo Productivo y Cultura, respectivamente, en aquellos proyectos que surjan de la Mesa relacionados con sus temas de incumbencia. Por su parte los y las representantes de las organizaciones ind\u00edgenas presentes manifestaron su satisfacci\u00f3n por la creaci\u00f3n de la mesa y confiaron en poder avanzar en los distintos temas que interesan al sector.<\/p>\n<h6>Fuente: La Capital MDP<\/h6>\n","protected":false},"excerpt":{"rendered":"<p>El objetivo es \u00abincluir la tem\u00e1tica ind\u00edgena en el debate de la agenda p\u00fablica y pol\u00edtica de la ciudad, fortaleciendo as\u00ed la pol\u00edtica p\u00fablica municipal destinada a un colectivo que hist\u00f3ricamente ha sido invisibilizado\u00bb, asever\u00f3 Jos\u00e9 Luis Zerillo. Se concret\u00f3 ayer la presentaci\u00f3n de la Mesa de Trabajo sobre Asuntos Ind\u00edgenas del partido de General<\/p>\n","protected":false},"author":1,"featured_media":1052,"comment_status":"closed","ping_status":"closed","sticky":false,"template":"","format":"standard","meta":{"footnotes":""},"categories":[2],"tags":[12],"class_list":["post-1051","post","type-post","status-publish","format-standard","has-post-thumbnail","hentry","category-informe-municipal","tag-buenos-aires"],"_links":{"self":[{"href":"http:\/\/argentinamunicipal.com.ar\/argentina\/wp-json\/wp\/v2\/posts\/1051","targetHints":{"allow":["GET"]}}],"collection":[{"href":"http:\/\/argentinamunicipal.com.ar\/argentina\/wp-json\/wp\/v2\/posts"}],"about":[{"href":"http:\/\/argentinamunicipal.com.ar\/argentina\/wp-json\/wp\/v2\/types\/post"}],"author":[{"embeddable":true,"href":"http:\/\/argentinamunicipal.com.ar\/argentina\/wp-json\/wp\/v2\/users\/1"}],"replies":[{"embeddable":true,"href":"http:\/\/argentinamunicipal.com.ar\/argentina\/wp-json\/wp\/v2\/comments?post=1051"}],"version-history":[{"count":0,"href":"http:\/\/argentinamunicipal.com.ar\/argentina\/wp-json\/wp\/v2\/posts\/1051\/revisions"}],"wp:featuredmedia":[{"embeddable":true,"href":"http:\/\/argentinamunicipal.com.ar\/argentina\/wp-json\/wp\/v2\/media\/1052"}],"wp:attachment":[{"href":"http:\/\/argentinamunicipal.com.ar\/argentina\/wp-json\/wp\/v2\/media?parent=1051"}],"wp:term":[{"taxonomy":"category","embeddable":true,"href":"http:\/\/argentinamunicipal.com.ar\/argentina\/wp-json\/wp\/v2\/categories?post=1051"},{"taxonomy":"post_tag","embeddable":true,"href":"http:\/\/argentinamunicipal.com.ar\/argentina\/wp-json\/wp\/v2\/tags?post=1051"}],"curies":[{"name":"wp","href":"https:\/\/api.w.org\/{rel}","templated":true}]}}