{"id":105635,"date":"2020-07-31T04:56:33","date_gmt":"2020-07-31T07:56:33","guid":{"rendered":"http:\/\/argentinamunicipal.com.ar\/argentina\/?p=105635"},"modified":"2020-07-31T07:59:00","modified_gmt":"2020-07-31T10:59:00","slug":"un-programa-rural-del-banco-mundial-llega-a-rio-negro","status":"publish","type":"post","link":"http:\/\/argentinamunicipal.com.ar\/argentina\/un-programa-rural-del-banco-mundial-llega-a-rio-negro\/","title":{"rendered":"Un programa rural del Banco Mundial llega a R\u00edo Negro"},"content":{"rendered":"<p>El Ministerio de Producci\u00f3n y Agroindustria de R\u00edo Negro pondr\u00e1 en marcha el Proyecto de Inclusi\u00f3n Socioecon\u00f3mica de \u00c1reas Rurales (PISEAR), financiado por el Banco Mundial.<\/p>\n<p>El programa tiene por objetivo mejorar las condiciones de vida y de producci\u00f3n de familias rurales de bajos recursos, y tiene un presupuesto de 3.150.000 d\u00f3lares.<\/p>\n<p>\u201cEste proyecto tiene como premisa fortalecer la capacidad de organizaci\u00f3n de las familias rurales, mejorando el acceso a la infraestructura y servicios comunitarios para asi mejorar sus condiciones de vida y producci\u00f3n\u201d, explic\u00f3 la gobernadora, Arabela Carreras.<\/p>\n<p>El proyecto contempla adem\u00e1s tres estrategias de transversales: comunidades originarias, el enfoque de g\u00e9nero y j\u00f3venes y la pol\u00edtica ambiental y social.<\/p>\n<p>Entre las herramientas que ofrece se encuentran el financiamiento de inversiones prediales para resolver los distintos problemas que tienen las familias rurales consistentes en obras de captaci\u00f3n, almacenamiento y distribuci\u00f3n de agua, apotreramiento, infraestructura de galpones y cobertizos, maquinarias e implementos agr\u00edcolas, comercializaci\u00f3n, etc.<\/p>\n<p>Asimismo, se prev\u00e9 el financimiento de obras menores de infraestructura p\u00fablica que potencien las inversiones privadas y generen impacto en el territorio.<\/p>\n<p>\u201cEs un programa muy importante para generar impacto en la regi\u00f3n y cubrir las necesidades de los peque\u00f1os productores. Pensamos aprovechar los recursos para adecuar la capacidad de faena de la regi\u00f3n, optimizar la infraestructura de riego y aumentar la conectividad y acceso a mercados sumado al aumento de la producci\u00f3n y la productividad de los establecimientos rurales, beneficiando a m\u00e1s de 1.500 familias\u201d, finaliz\u00f3 la Gobernadora.<\/p>\n<h6>Fuente: ADN<\/h6>\n","protected":false},"excerpt":{"rendered":"<p>El Ministerio de Producci\u00f3n y Agroindustria de R\u00edo Negro pondr\u00e1 en marcha el Proyecto de Inclusi\u00f3n Socioecon\u00f3mica de \u00c1reas Rurales (PISEAR), financiado por el Banco Mundial.<\/p>\n","protected":false},"author":2,"featured_media":105636,"comment_status":"closed","ping_status":"closed","sticky":false,"template":"","format":"standard","meta":{"footnotes":""},"categories":[65],"tags":[11],"class_list":["post-105635","post","type-post","status-publish","format-standard","has-post-thumbnail","hentry","category-provincias","tag-rio-negro"],"_links":{"self":[{"href":"http:\/\/argentinamunicipal.com.ar\/argentina\/wp-json\/wp\/v2\/posts\/105635","targetHints":{"allow":["GET"]}}],"collection":[{"href":"http:\/\/argentinamunicipal.com.ar\/argentina\/wp-json\/wp\/v2\/posts"}],"about":[{"href":"http:\/\/argentinamunicipal.com.ar\/argentina\/wp-json\/wp\/v2\/types\/post"}],"author":[{"embeddable":true,"href":"http:\/\/argentinamunicipal.com.ar\/argentina\/wp-json\/wp\/v2\/users\/2"}],"replies":[{"embeddable":true,"href":"http:\/\/argentinamunicipal.com.ar\/argentina\/wp-json\/wp\/v2\/comments?post=105635"}],"version-history":[{"count":0,"href":"http:\/\/argentinamunicipal.com.ar\/argentina\/wp-json\/wp\/v2\/posts\/105635\/revisions"}],"wp:featuredmedia":[{"embeddable":true,"href":"http:\/\/argentinamunicipal.com.ar\/argentina\/wp-json\/wp\/v2\/media\/105636"}],"wp:attachment":[{"href":"http:\/\/argentinamunicipal.com.ar\/argentina\/wp-json\/wp\/v2\/media?parent=105635"}],"wp:term":[{"taxonomy":"category","embeddable":true,"href":"http:\/\/argentinamunicipal.com.ar\/argentina\/wp-json\/wp\/v2\/categories?post=105635"},{"taxonomy":"post_tag","embeddable":true,"href":"http:\/\/argentinamunicipal.com.ar\/argentina\/wp-json\/wp\/v2\/tags?post=105635"}],"curies":[{"name":"wp","href":"https:\/\/api.w.org\/{rel}","templated":true}]}}