{"id":105682,"date":"2020-08-03T06:00:26","date_gmt":"2020-08-03T09:00:26","guid":{"rendered":"http:\/\/argentinamunicipal.com.ar\/argentina\/?p=105682"},"modified":"2020-08-03T07:55:34","modified_gmt":"2020-08-03T10:55:34","slug":"juan-cabandie-los-responsables-de-estas-quemas-tienen-que-pagar-por-lo-que-han-hecho","status":"publish","type":"post","link":"http:\/\/argentinamunicipal.com.ar\/argentina\/juan-cabandie-los-responsables-de-estas-quemas-tienen-que-pagar-por-lo-que-han-hecho\/","title":{"rendered":"Juan Cabandi\u00e9: \u00abLos responsables de estas quemas tienen que pagar por lo que han hecho\u00bb"},"content":{"rendered":"<p>El ministro de Ambiente y Desarrollo Sostenible, Juan Cabandi\u00e9, recorri\u00f3 la zona de campos rosarinos afectada por los incendios provocados de manera intencional para preparar la tierra para ganader\u00eda y reclam\u00f3 que \u00ablos responsables de estas quemas tan da\u00f1inas para la salud de las personas y tan brutales con nuestra tierra tienen que pagar por lo que han hecho. Esperamos que la Justicia act\u00fae como corresponde\u201d.<\/p>\n<p>El funcionario sobrevol\u00f3 el \u00e1rea comprometida y colabor\u00f3 con los brigadistas que intentan desde hace semanas combatir los focos \u00edgneos generados en las afueras de la ciudad santafesina. \u201cImpresiona ver la dimensi\u00f3n del da\u00f1o que este ecocidio est\u00e1 causando sobre el humedal\u00bb, exclam\u00f3 el funcionario cuya cartera coordin\u00f3 el aporte de recursos &#8211;avi\u00f3n hidrante, helic\u00f3pteros, brigadistas y equipamiento para medir la calidad del aire en Rosario&#8211; para poder dar cese a los fuegos.<\/p>\n<p>Tambi\u00e9n articul\u00f3 junto al Ministerio de Seguridad de la Naci\u00f3n una mesa de trabajo en junio entre el gobierno nacional y las provincias de Santa Fe y Entre R\u00edos para dar una soluci\u00f3n a la problem\u00e1tica de los incendios forestales intencionales, adem\u00e1s de fiscalizar y controlar la situaci\u00f3n. \u201cEs inadmisible que en medio del terrible contexto econ\u00f3mico que sufre nuestro pa\u00eds, se destinen millones de pesos para combatir incendios que nunca deber\u00edan haberse producido. Es momento de que los argentinos entendamos que no podemos seguir perjudic\u00e1ndonos unos a otros. Tenemos que encontrar una soluci\u00f3n de fondo para que esta situaci\u00f3n no vuelva a repetirse\u201d, concluy\u00f3 Cabandi\u00e9.<\/p>\n<h6>Fuente: P\u00e1gina 12<\/h6>\n","protected":false},"excerpt":{"rendered":"<p>El ministro de Ambiente y Desarrollo Sostenible, Juan Cabandi\u00e9, recorri\u00f3 la zona de campos rosarinos afectada por los incendios provocados de manera intencional para preparar la tierra para ganader\u00eda<\/p>\n","protected":false},"author":2,"featured_media":105683,"comment_status":"closed","ping_status":"closed","sticky":false,"template":"","format":"standard","meta":{"footnotes":""},"categories":[2],"tags":[10],"class_list":["post-105682","post","type-post","status-publish","format-standard","has-post-thumbnail","hentry","category-informe-municipal","tag-santa-fe"],"_links":{"self":[{"href":"http:\/\/argentinamunicipal.com.ar\/argentina\/wp-json\/wp\/v2\/posts\/105682","targetHints":{"allow":["GET"]}}],"collection":[{"href":"http:\/\/argentinamunicipal.com.ar\/argentina\/wp-json\/wp\/v2\/posts"}],"about":[{"href":"http:\/\/argentinamunicipal.com.ar\/argentina\/wp-json\/wp\/v2\/types\/post"}],"author":[{"embeddable":true,"href":"http:\/\/argentinamunicipal.com.ar\/argentina\/wp-json\/wp\/v2\/users\/2"}],"replies":[{"embeddable":true,"href":"http:\/\/argentinamunicipal.com.ar\/argentina\/wp-json\/wp\/v2\/comments?post=105682"}],"version-history":[{"count":0,"href":"http:\/\/argentinamunicipal.com.ar\/argentina\/wp-json\/wp\/v2\/posts\/105682\/revisions"}],"wp:featuredmedia":[{"embeddable":true,"href":"http:\/\/argentinamunicipal.com.ar\/argentina\/wp-json\/wp\/v2\/media\/105683"}],"wp:attachment":[{"href":"http:\/\/argentinamunicipal.com.ar\/argentina\/wp-json\/wp\/v2\/media?parent=105682"}],"wp:term":[{"taxonomy":"category","embeddable":true,"href":"http:\/\/argentinamunicipal.com.ar\/argentina\/wp-json\/wp\/v2\/categories?post=105682"},{"taxonomy":"post_tag","embeddable":true,"href":"http:\/\/argentinamunicipal.com.ar\/argentina\/wp-json\/wp\/v2\/tags?post=105682"}],"curies":[{"name":"wp","href":"https:\/\/api.w.org\/{rel}","templated":true}]}}