{"id":105783,"date":"2020-08-05T07:23:36","date_gmt":"2020-08-05T10:23:36","guid":{"rendered":"http:\/\/argentinamunicipal.com.ar\/argentina\/?p=105783"},"modified":"2020-08-05T07:23:36","modified_gmt":"2020-08-05T10:23:36","slug":"capitan-bermudez-otra-muestra-de-intolerancia","status":"publish","type":"post","link":"http:\/\/argentinamunicipal.com.ar\/argentina\/capitan-bermudez-otra-muestra-de-intolerancia\/","title":{"rendered":"Capit\u00e1n Berm\u00fadez: Otra muestra de intolerancia"},"content":{"rendered":"<p>FESTRAM REPUDIA Y SE SOLIDARIZA CON LAS COMPA\u00d1ERAS TRABAJADORAS DE LAS CUADRILLAS DE BARRIDO DE LA CIUDAD DE CAPIT\u00c1N BERM\u00daDEZ.<\/p>\n<p>Vecinos de esa ciudad increparon a las trabajadoras dici\u00e9ndoles \u00abque iban a contagiar a todos\u00bb si segu\u00edan con su trabajo de limpieza de calles. Ese lamentable hecho ocurri\u00f3 en el marco del cierre de la Municipalidad por detectarse un caso positivo de Covid-19 de un funcionario para as\u00ed implementar todas las medias de sanitizaci\u00f3n y control.<\/p>\n<p>Una vez m\u00e1s queda en evidencia la falta de solidaridad y el individualismo de algunos, que sin medir sus palabras y acciones menosprecian el trabajo de muchas personas que desde el primer d\u00eda de la PANDEMIA sacrifican su salud y la de sus familias priorizando a la comunidad.<\/p>\n<p>Esta situaci\u00f3n que estamos atravesando ha logrado poner en evidencia lo mejor y lo peor de la condici\u00f3n humana, y nuevamente las y los municipales estamos en aquellos lugares y situaciones donde nuestra presencia -como la de otras trabajadoras y trabajadores- son vitales para garantizar las condiciones m\u00ednimas de habitabilidad y funcionamiento de las ciudades y pueblos de nuestra Provincia.<\/p>\n<h6>Prensa FESTRAM<\/h6>\n","protected":false},"excerpt":{"rendered":"<p>FESTRAM REPUDIA Y SE SOLIDARIZA CON LAS COMPA\u00d1ERAS TRABAJADORAS DE LAS CUADRILLAS DE BARRIDO DE LA CIUDAD DE CAPIT\u00c1N BERM\u00daDEZ.<\/p>\n","protected":false},"author":2,"featured_media":105784,"comment_status":"closed","ping_status":"closed","sticky":false,"template":"","format":"standard","meta":{"footnotes":""},"categories":[7],"tags":[10],"class_list":["post-105783","post","type-post","status-publish","format-standard","has-post-thumbnail","hentry","category-informe-sindical","tag-santa-fe"],"_links":{"self":[{"href":"http:\/\/argentinamunicipal.com.ar\/argentina\/wp-json\/wp\/v2\/posts\/105783","targetHints":{"allow":["GET"]}}],"collection":[{"href":"http:\/\/argentinamunicipal.com.ar\/argentina\/wp-json\/wp\/v2\/posts"}],"about":[{"href":"http:\/\/argentinamunicipal.com.ar\/argentina\/wp-json\/wp\/v2\/types\/post"}],"author":[{"embeddable":true,"href":"http:\/\/argentinamunicipal.com.ar\/argentina\/wp-json\/wp\/v2\/users\/2"}],"replies":[{"embeddable":true,"href":"http:\/\/argentinamunicipal.com.ar\/argentina\/wp-json\/wp\/v2\/comments?post=105783"}],"version-history":[{"count":0,"href":"http:\/\/argentinamunicipal.com.ar\/argentina\/wp-json\/wp\/v2\/posts\/105783\/revisions"}],"wp:featuredmedia":[{"embeddable":true,"href":"http:\/\/argentinamunicipal.com.ar\/argentina\/wp-json\/wp\/v2\/media\/105784"}],"wp:attachment":[{"href":"http:\/\/argentinamunicipal.com.ar\/argentina\/wp-json\/wp\/v2\/media?parent=105783"}],"wp:term":[{"taxonomy":"category","embeddable":true,"href":"http:\/\/argentinamunicipal.com.ar\/argentina\/wp-json\/wp\/v2\/categories?post=105783"},{"taxonomy":"post_tag","embeddable":true,"href":"http:\/\/argentinamunicipal.com.ar\/argentina\/wp-json\/wp\/v2\/tags?post=105783"}],"curies":[{"name":"wp","href":"https:\/\/api.w.org\/{rel}","templated":true}]}}