{"id":105820,"date":"2020-08-06T05:15:05","date_gmt":"2020-08-06T08:15:05","guid":{"rendered":"http:\/\/argentinamunicipal.com.ar\/argentina\/?p=105820"},"modified":"2020-08-05T20:07:38","modified_gmt":"2020-08-05T23:07:38","slug":"municipales-de-venado-tuerto-podran-terminar-el-secundario","status":"publish","type":"post","link":"http:\/\/argentinamunicipal.com.ar\/argentina\/municipales-de-venado-tuerto-podran-terminar-el-secundario\/","title":{"rendered":"Municipales de Venado Tuerto podr\u00e1n terminar el secundario"},"content":{"rendered":"<p>Ser\u00e1 a trav\u00e9s del programa Termin\u00e1 la Secundaria. Seg\u00fan un censo del municipio, el 54 por ciento del plantel de trabajadores de esa ciudad no terminaron de cursar los estudios medios.<\/p>\n<p>El jefe de Gobierno porte\u00f1o, Horacio Rodr\u00edguez Larreta, y el intendente de Venado Tuerto, Leonel Chiarella, presentaron el programa Termin\u00e1 la Secundaria, impulsado en Capital Federal y que ser\u00e1 replicado en esa ciudad del sur santafesino y brindar\u00e1 la posibilidad de concluir esos estudios a los empleados municipales.<\/p>\n<p>Se trata de una iniciativa que ayudar\u00e1 a los\u00a0trabajadores\u00a0municipales a\u00a0culminar sus estudios secundarios. El programa abre su inscripci\u00f3n formal en septiembre y comienza sus clases virtuales el mes siguiente<\/p>\n<p>El anuncio fue hecho a trav\u00e9s de una videoconferencia por lo que oficialmente est\u00e1 en marcha el programa \u201cTermin\u00e1 la Secundaria\u201d. \u201cDesde la Ciudad de Buenos Aires estamos convencidos que nuestro mayor capital es el humano. El desarrollo de ese capital depende, en gran medida, de las herramientas y oportunidades a las que podemos acceder. El secundario completo es una herramienta fundamental y el primer paso hacia el futuro. Nos llena de orgullo poder compartir este programa con el municipio de Venado Tuerto y generar instancias de intercambio y aprendizaje mutuo\u201d, dijo Rodr\u00edguez Larreta v\u00eda zoom.<\/p>\n<p>Por su parte su par venadense, el radical Leonel Chiarella explic\u00f3 que \u00abel 54 por ciento de los trabajadores municipales no ha completado sus estudios medios. Es por eso, que mediante este programa queremos brindarles la oportunidad de poder hacerlo, y de esta manera potenciar su desarrollo laboral. Agradecemos esta alternativa que nos facilit\u00f3 el gobierno la Ciudad Aut\u00f3noma de Buenos Aires\u00bb.<\/p>\n<p>Agreg\u00f3 que \u201cuno de los principales ejes de gesti\u00f3n es el fortalecimiento de v\u00ednculos humanos.\u00a0En el \u00e1mbito externo, a trav\u00e9s de la cercan\u00eda con los vecinos. En el \u00e1mbito interno, a partir de la generaci\u00f3n de un v\u00ednculo de confianza con los trabajadores municipales que pueda traducirse en la creaci\u00f3n de un ambiente laboral saludable, estimulante, promotor de oportunidades para todos, en igualdad de condiciones y atendiendo a las necesidades personales de cada uno\u201d.<\/p>\n<p>Adem\u00e1s, el intendente Chiarella, acompa\u00f1ado del Jefe de Gabinete Diego Milardovich; y del secretario de Legal y T\u00e9cnico, Mariano De Mattia; valor\u00f3 la relevancia social e institucional de trabajar junto al gobierno de la Ciudad Aut\u00f3noma de Buenos Aires en este proyecto educativo de magnitud.<\/p>\n<p>As\u00ed, desde la Direcci\u00f3n de Recursos Humanos se lanz\u00f3 un censo que, entre otras cosas, sonde\u00f3 expectativas y proyecciones laborales de los trabajadores municipales.\u00a0El censo determin\u00f3 que el 54 por ciento de los empleados no cuenta con nivel medio.<\/p>\n<p>Asesoramiento y tutor\u00edas<\/p>\n<p>El programa\u00a0abre la inscripci\u00f3n formal en septiembre y comienza sus clases virtuales el mes siguiente. La preinscripci\u00f3n agot\u00f3 50 cupos y fue necesario ampliar a 70 las plazas totales. El municipio defini\u00f3 un espacio con acceso a computadoras para realizar la cursada, obtener el material de estudio y rendir ex\u00e1menes; m\u00e1s dos tutoras para acompa\u00f1ar al alumno en todo el proceso.<\/p>\n<p>\u201cTermin\u00e1 la Secundaria\u201d permite retomar los estudios y obtener el t\u00edtulo de bachiller a nivel nacional, con orientaci\u00f3n en Ciencias Sociales y Humanidades de manera virtual y gratuita. Asimismo, los alumnos cuentan con un Centro de Asistencia Tecnol\u00f3gica y Asesoramiento (CATA) que brinda acompa\u00f1amiento personalizado, metodolog\u00edas de estudio y motivaci\u00f3n durante el cursado.<\/p>\n<h6>Fuente: La Capital<\/h6>\n","protected":false},"excerpt":{"rendered":"<p>Ser\u00e1 a trav\u00e9s del programa Termin\u00e1 la Secundaria. Seg\u00fan un censo del municipio, el 54 por ciento del plantel de trabajadores de esa ciudad no terminaron de cursar los estudios medios.<\/p>\n","protected":false},"author":2,"featured_media":105821,"comment_status":"closed","ping_status":"closed","sticky":false,"template":"","format":"standard","meta":{"footnotes":""},"categories":[7],"tags":[10],"class_list":["post-105820","post","type-post","status-publish","format-standard","has-post-thumbnail","hentry","category-informe-sindical","tag-santa-fe"],"_links":{"self":[{"href":"http:\/\/argentinamunicipal.com.ar\/argentina\/wp-json\/wp\/v2\/posts\/105820","targetHints":{"allow":["GET"]}}],"collection":[{"href":"http:\/\/argentinamunicipal.com.ar\/argentina\/wp-json\/wp\/v2\/posts"}],"about":[{"href":"http:\/\/argentinamunicipal.com.ar\/argentina\/wp-json\/wp\/v2\/types\/post"}],"author":[{"embeddable":true,"href":"http:\/\/argentinamunicipal.com.ar\/argentina\/wp-json\/wp\/v2\/users\/2"}],"replies":[{"embeddable":true,"href":"http:\/\/argentinamunicipal.com.ar\/argentina\/wp-json\/wp\/v2\/comments?post=105820"}],"version-history":[{"count":0,"href":"http:\/\/argentinamunicipal.com.ar\/argentina\/wp-json\/wp\/v2\/posts\/105820\/revisions"}],"wp:featuredmedia":[{"embeddable":true,"href":"http:\/\/argentinamunicipal.com.ar\/argentina\/wp-json\/wp\/v2\/media\/105821"}],"wp:attachment":[{"href":"http:\/\/argentinamunicipal.com.ar\/argentina\/wp-json\/wp\/v2\/media?parent=105820"}],"wp:term":[{"taxonomy":"category","embeddable":true,"href":"http:\/\/argentinamunicipal.com.ar\/argentina\/wp-json\/wp\/v2\/categories?post=105820"},{"taxonomy":"post_tag","embeddable":true,"href":"http:\/\/argentinamunicipal.com.ar\/argentina\/wp-json\/wp\/v2\/tags?post=105820"}],"curies":[{"name":"wp","href":"https:\/\/api.w.org\/{rel}","templated":true}]}}