{"id":105915,"date":"2020-08-07T07:23:57","date_gmt":"2020-08-07T10:23:57","guid":{"rendered":"http:\/\/argentinamunicipal.com.ar\/argentina\/?p=105915"},"modified":"2020-08-07T07:23:57","modified_gmt":"2020-08-07T10:23:57","slug":"acordaron-el-auxilio-financiero-para-la-municipalidad-de-rosario","status":"publish","type":"post","link":"http:\/\/argentinamunicipal.com.ar\/argentina\/acordaron-el-auxilio-financiero-para-la-municipalidad-de-rosario\/","title":{"rendered":"Acordaron el auxilio financiero para la municipalidad de Rosario"},"content":{"rendered":"<p>A partir del convenio, el municipio recibe una extensi\u00f3n de plazos hasta junio de 2023, y una importante reducci\u00f3n en la tasa de inter\u00e9s. \u201cEs un momento donde todos tenemos que compartir esfuerzos\u201d, se\u00f1al\u00f3 el gobernador.<\/p>\n<p>El gobernador Omar Perotti y el intendente Pablo Javkin acordaron este jueves la refinanciaci\u00f3n de la deuda que la Municipalidad de Rosario tiene con el Gobierno de la provincia. Dicho convenio propone un esquema que garantiza la sustentabilidad de repago de las acreencias.<\/p>\n<p>La deuda\u00a0asciende a un monto total de capital de 1.544 millones de pesos. Adem\u00e1s\u00a0implicaba compromisos para Rosario por 2.068 millones en los pr\u00f3ximos 11 meses. A partir del acuerdo, el municipio recibi\u00f3 una extensi\u00f3n de plazos hasta junio de 2023, y una importante reducci\u00f3n en la tasa de inter\u00e9s.<\/p>\n<p>\u201cEncontramos una forma de resolver una deuda importante de la Municipalidad de Rosario con la provincia de Santa Fe. Y lo hemos hecho con di\u00e1logo, en el entendimiento de lo dif\u00edcil del momento para todos, por una situaci\u00f3n heredada\u201d, se\u00f1al\u00f3 el gobernador.<\/p>\n<p>Y ampli\u00f3: \u201cEs un momento donde todos tenemos que compartir esfuerzos. La Naci\u00f3n nos ayud\u00f3 como provincia. Y lo que queremos ahora es hacer lo mismo con todos los rosarinos. Para generar las condiciones que permitan que el municipio pueda hacer frente y cumplir con las obligaciones sin dejar de prestar servicios. En un momento donde m\u00e1s se necesita la presencia del Estado\u201d.<\/p>\n<p><strong>Sanear cuentas<\/strong><br \/>\nPor su parte, Javkin indic\u00f3 que se trata de\u00a0\u201cun acuerdo muy importante para sanear y ordenar las cuentas del municipio, y dentro de ese proceso, la deuda que el municipio ten\u00eda con Santa Fe generaba una carga muy pesada\u201d.<\/p>\n<p>Y valor\u00f3: \u201cHemos trabajado en conjunto con el gobernador, y lo plasmamos en un acuerdo que el municipio va a honrar, pero en condiciones favorable que permita cumplirlo y sostener las responsabilidad y obligaciones\u201d.<\/p>\n<p><strong>El acuerdo<\/strong><br \/>\nDe esta manera, la Municipalidad deber\u00e1 hacer frente a un servicio de la deuda mensual de 77 millones de pesos -compatible con la capacidad de pago-, muy por debajo de los 188 millones que deber\u00eda haber afrontado si segu\u00eda con el actual cronograma de cancelaci\u00f3n.<\/p>\n<p>Como contrapartida, el municipio deber\u00e1 seguir remitiendo mensualmente al Ministerio de Econom\u00eda de Santa Fe informaci\u00f3n fiscal y financiera, en el marco del decreto N\u00b0769\/20. Asimismo, seg\u00fan consta en la disposici\u00f3n, deber\u00e1 realizar todos los esfuerzos para propender al equilibrio presupuestario y, de ese modo, garantizar el pago de las obligaciones.<\/p>\n<p>El ministro de Econom\u00eda, Walter Agosto; el secretario de Hacienda, German Rollandi; y los secretarios Marcos Corach y Jos\u00e9 Luis Freyre, del Ministerio de Gesti\u00f3n P\u00fablica, trabajaron en la propuesta.<\/p>\n<h6>Fuente: Sin Mordaza<\/h6>\n","protected":false},"excerpt":{"rendered":"<p>A partir del convenio, el municipio recibe una extensi\u00f3n de plazos hasta junio de 2023, y una importante reducci\u00f3n en la tasa de inter\u00e9s. \u201cEs un momento donde todos tenemos que compartir esfuerzos\u201d, se\u00f1al\u00f3 el gobernador.<\/p>\n","protected":false},"author":2,"featured_media":105916,"comment_status":"closed","ping_status":"closed","sticky":false,"template":"","format":"standard","meta":{"footnotes":""},"categories":[5],"tags":[10],"class_list":["post-105915","post","type-post","status-publish","format-standard","has-post-thumbnail","hentry","category-informe-economico","tag-santa-fe"],"_links":{"self":[{"href":"http:\/\/argentinamunicipal.com.ar\/argentina\/wp-json\/wp\/v2\/posts\/105915","targetHints":{"allow":["GET"]}}],"collection":[{"href":"http:\/\/argentinamunicipal.com.ar\/argentina\/wp-json\/wp\/v2\/posts"}],"about":[{"href":"http:\/\/argentinamunicipal.com.ar\/argentina\/wp-json\/wp\/v2\/types\/post"}],"author":[{"embeddable":true,"href":"http:\/\/argentinamunicipal.com.ar\/argentina\/wp-json\/wp\/v2\/users\/2"}],"replies":[{"embeddable":true,"href":"http:\/\/argentinamunicipal.com.ar\/argentina\/wp-json\/wp\/v2\/comments?post=105915"}],"version-history":[{"count":0,"href":"http:\/\/argentinamunicipal.com.ar\/argentina\/wp-json\/wp\/v2\/posts\/105915\/revisions"}],"wp:featuredmedia":[{"embeddable":true,"href":"http:\/\/argentinamunicipal.com.ar\/argentina\/wp-json\/wp\/v2\/media\/105916"}],"wp:attachment":[{"href":"http:\/\/argentinamunicipal.com.ar\/argentina\/wp-json\/wp\/v2\/media?parent=105915"}],"wp:term":[{"taxonomy":"category","embeddable":true,"href":"http:\/\/argentinamunicipal.com.ar\/argentina\/wp-json\/wp\/v2\/categories?post=105915"},{"taxonomy":"post_tag","embeddable":true,"href":"http:\/\/argentinamunicipal.com.ar\/argentina\/wp-json\/wp\/v2\/tags?post=105915"}],"curies":[{"name":"wp","href":"https:\/\/api.w.org\/{rel}","templated":true}]}}