{"id":10594,"date":"2014-06-28T10:37:25","date_gmt":"2014-06-28T13:37:25","guid":{"rendered":"http:\/\/argentinamunicipal.com.ar\/argentina\/?p=10594"},"modified":"2014-06-28T10:37:25","modified_gmt":"2014-06-28T13:37:25","slug":"neuquen-insisten-en-reflotar-las-pasarelas-en-ruta-22","status":"publish","type":"post","link":"http:\/\/argentinamunicipal.com.ar\/argentina\/neuquen-insisten-en-reflotar-las-pasarelas-en-ruta-22\/","title":{"rendered":"Neuqu\u00e9n: Insisten en reflotar las pasarelas en Ruta 22"},"content":{"rendered":"<p><a href=\"http:\/\/argentinamunicipal.com.ar\/argentina\/wp-content\/uploads\/2014\/06\/53ae1b2e82dae5_322x226.23873218.jpg\"><img loading=\"lazy\" decoding=\"async\" class=\"alignleft size-full wp-image-10595\" src=\"http:\/\/argentinamunicipal.com.ar\/argentina\/wp-content\/uploads\/2014\/06\/53ae1b2e82dae5_322x226.23873218.jpg\" alt=\"53ae1b2e82dae5_322x226.23873218\" width=\"322\" height=\"226\" srcset=\"http:\/\/argentinamunicipal.com.ar\/argentina\/wp-content\/uploads\/2014\/06\/53ae1b2e82dae5_322x226.23873218.jpg 322w, http:\/\/argentinamunicipal.com.ar\/argentina\/wp-content\/uploads\/2014\/06\/53ae1b2e82dae5_322x226.23873218-300x210.jpg 300w\" sizes=\"auto, (max-width: 322px) 100vw, 322px\" \/><\/a>Concejales del MPN convocar\u00e1n a Vialidad y al Municipio para tratar el tema. Ir\u00edan en la zona de los h\u00edper.<\/p>\n<p>Los concejales del bloque del MPN convocar\u00e1n pr\u00f3ximamente a referentes de Vialidad Nacional, Vialidad Provincial y del Municipio para tratar la posible colocaci\u00f3n de al menos tres pasarelas a\u00e9reas sobre la Ruta 22, algo que ya funcion\u00f3 hace tiempo atr\u00e1s en la ciudad.<\/p>\n<p>\u201cHemos presentado una comunicaci\u00f3n instando al Municipio a colocar pasarelas. Tambi\u00e9n le hemos preguntado al Ejecutivo qu\u00e9 proyectos tiene, porque la idea es sumar a los existentes la colocaci\u00f3n de pasarelas en forma urgente donde est\u00e1n los h\u00edper de Walmart y Jumbo, como as\u00ed tambi\u00e9n en la avenida Olascoaga\u201d, explic\u00f3 el concejal Pablo Bongiovani, impulsor de la iniciativa.<\/p>\n<p>Sostuvo que en una primera etapa ser\u00edan suficientes porque son tres los puntos importantes del flujo de transe\u00fantes que suelen atravesar la ruta y que hoy en d\u00eda los puentes a\u00e9reos peatonales se usan en todas las ciudades del mundo porque evitan accidentes, resuelven el cruce y el tr\u00e1nsito es m\u00e1s fluido. \u201cNeuqu\u00e9n necesita de forma urgente las pasarelas\u201d, indic\u00f3.<\/p>\n<p>El concejal entiende que con su implementaci\u00f3n no se encontrar\u00e1n las soluciones \u201cm\u00e1gicamente\u201d. Por eso, manifest\u00f3 que esto debe acompa\u00f1arse con campa\u00f1as de educaci\u00f3n vial, donde los peatones deber\u00e1n aprender a cruzar por donde corresponda y los conductores, saber que la prioridad la tiene el peat\u00f3n. Adem\u00e1s, se lament\u00f3 de la falta de respeto en la calle, de la falta de convivencia y de la poca solidaridad en el manejo.<\/p>\n<p>Bongiovani tambi\u00e9n remarc\u00f3 que si (Horacio) Quiroga piensa en la ciudad del mill\u00f3n de habitantes deber\u00e1 reforzar su pol\u00edtica en el tema de los controles. \u201cA las sanciones por incumplimiento de las normas se las debe acompa\u00f1ar con controles rigurosos\u201d, reiter\u00f3.<\/p>\n<p>Acerca del financiamiento de la construcci\u00f3n de las pasarelas, el concejal explic\u00f3 que estas deber\u00edan solventarse con fondos del Estado y del sector privado. \u201cVamos a acompa\u00f1ar cualquier propuesta que haya del Ejecutivo y tambi\u00e9n instamos a que les demos la oportunidad a los grandes h\u00edper que tenemos en la multitrocha para que a trav\u00e9s de sus programas de responsabilidad social empresaria puedan colaborar con alg\u00fan financiamiento\u201d, cerr\u00f3.<\/p>\n<h6>Fuente: La Ma\u00f1ana Neuqu\u00e9n<\/h6>\n","protected":false},"excerpt":{"rendered":"<p>Concejales del MPN convocar\u00e1n a Vialidad y al Municipio para tratar el tema. Ir\u00edan en la zona de los h\u00edper. Los concejales del bloque del MPN convocar\u00e1n pr\u00f3ximamente a referentes de Vialidad Nacional, Vialidad Provincial y del Municipio para tratar la posible colocaci\u00f3n de al menos tres pasarelas a\u00e9reas sobre la Ruta 22, algo que<\/p>\n","protected":false},"author":2,"featured_media":10595,"comment_status":"closed","ping_status":"closed","sticky":false,"template":"","format":"standard","meta":{"footnotes":""},"categories":[2],"tags":[23],"class_list":["post-10594","post","type-post","status-publish","format-standard","has-post-thumbnail","hentry","category-informe-municipal","tag-neuquen"],"_links":{"self":[{"href":"http:\/\/argentinamunicipal.com.ar\/argentina\/wp-json\/wp\/v2\/posts\/10594","targetHints":{"allow":["GET"]}}],"collection":[{"href":"http:\/\/argentinamunicipal.com.ar\/argentina\/wp-json\/wp\/v2\/posts"}],"about":[{"href":"http:\/\/argentinamunicipal.com.ar\/argentina\/wp-json\/wp\/v2\/types\/post"}],"author":[{"embeddable":true,"href":"http:\/\/argentinamunicipal.com.ar\/argentina\/wp-json\/wp\/v2\/users\/2"}],"replies":[{"embeddable":true,"href":"http:\/\/argentinamunicipal.com.ar\/argentina\/wp-json\/wp\/v2\/comments?post=10594"}],"version-history":[{"count":0,"href":"http:\/\/argentinamunicipal.com.ar\/argentina\/wp-json\/wp\/v2\/posts\/10594\/revisions"}],"wp:featuredmedia":[{"embeddable":true,"href":"http:\/\/argentinamunicipal.com.ar\/argentina\/wp-json\/wp\/v2\/media\/10595"}],"wp:attachment":[{"href":"http:\/\/argentinamunicipal.com.ar\/argentina\/wp-json\/wp\/v2\/media?parent=10594"}],"wp:term":[{"taxonomy":"category","embeddable":true,"href":"http:\/\/argentinamunicipal.com.ar\/argentina\/wp-json\/wp\/v2\/categories?post=10594"},{"taxonomy":"post_tag","embeddable":true,"href":"http:\/\/argentinamunicipal.com.ar\/argentina\/wp-json\/wp\/v2\/tags?post=10594"}],"curies":[{"name":"wp","href":"https:\/\/api.w.org\/{rel}","templated":true}]}}