{"id":106067,"date":"2020-08-11T04:44:01","date_gmt":"2020-08-11T07:44:01","guid":{"rendered":"http:\/\/argentinamunicipal.com.ar\/argentina\/?p=106067"},"modified":"2020-08-11T07:47:02","modified_gmt":"2020-08-11T10:47:02","slug":"futuro-promisorio-para-la-produccion-agroecologica-de-la-ciudad-de-santa-fe","status":"publish","type":"post","link":"http:\/\/argentinamunicipal.com.ar\/argentina\/futuro-promisorio-para-la-produccion-agroecologica-de-la-ciudad-de-santa-fe\/","title":{"rendered":"Futuro promisorio para la producci\u00f3n agroecol\u00f3gica de la ciudad de Santa Fe"},"content":{"rendered":"<p>Luego de una reuni\u00f3n con funcionarios provinciales, productores locales del norte \u00abrespiran\u00bb en cuanto a seguir en el actual emplazamiento de \u00c1ngel Gallardo.<\/p>\n<p>La Verdecita en la plaza Pueyrred\u00f3n ya es un cl\u00e1sico de los s\u00e1bados a la ma\u00f1ana. Hoy funciona en el marco de la \u00abnueva normalidad\u00bb y con las medidas de distanciamiento adecuadas. Cr\u00e9dito: Guillermo Di Salvatore<\/p>\n<p>Desde hace varios a\u00f1os -15 aproximadamente-, un grupo de productores del \u00abConsorcio La Verdecita\u00bb realiza cultivos agroecol\u00f3gicos en 5 hect\u00e1reas en el predio del Estado santafesino en la localidad de \u00c1ngel Gallardo, a minutos de la capital provincial. Esta continuidad, considerada un avance fundamental para la soberan\u00eda alimentaria y la salud de la poblaci\u00f3n local, es la que garantiz\u00f3 (y garantiza) el abastecimiento de alimentos sanos y sin agrot\u00f3xicos en las ferias santafesinas.<\/p>\n<p>Pero hace poco tiempo, no hubo buenas noticias para todas las organizaciones y personas que trabajan en torno a La Verdecita. Desde el \u00e1rea de Desarrollo Territorial del Ministerio de la Producci\u00f3n, emplazaron a los productores para que abandonen el predio en los pr\u00f3ximos meses, poniendo en peligro la producci\u00f3n agroecol\u00f3gica de la regi\u00f3n.<\/p>\n<p>Fue un desconcierto muy grande estando en medio de una grave crisis econ\u00f3mica y cuando miles de argentinos padecen problemas alimentarios que, sin mediar ninguna convocatoria o di\u00e1logo, decreten virtualmente el cese de la producci\u00f3n agroecol\u00f3gica en los m\u00f3dulos de la Estaci\u00f3n Experimental del INTA de \u00c1ngel Gallardo a cargo de los asociados de La Verdecita.<\/p>\n<p><strong>Encuentro clave<\/strong><\/p>\n<p>Tras solicitar un contacto, d\u00edas atr\u00e1s se llev\u00f3 a cabo una reuni\u00f3n con las autoridades del Ministerio de la Producci\u00f3n. Participaron Ver\u00f3nica Jaramillo y Virginia Liponezky por parte de los productores, el secretario de Desarrollo Territorial, Fabricio Medina, el Ing. Ariel Belavi, Director del INTA \u00c1ngel Gallardo, junto a Marcelo Machado -Director General de Desarrollo Rural-, dos ingenieros agr\u00f3nomos del Ministerio y un funcionario de la comuna de Monte Vera.<\/p>\n<p>De la reuni\u00f3n se desprendieron cuatro ejes importantes: el primero, que el Ministerio se compromete a una extensi\u00f3n de comodato de los cuatro m\u00f3dulos de producci\u00f3n agroecol\u00f3gica que trabajan nuestros compa\u00f1eros en el Centro Operativo Experimental. All\u00ed el INTA posee un comodato de todo ese predio que finaliza en enero de 2021, y estar\u00eda dispuesto a trabajar en uno nuevo para que las organizaciones tengan definitivamente el uso de esas instalaciones.<\/p>\n<p>El segundo punto fue la conformaci\u00f3n de una Mesa de Di\u00e1logo Permanente para la promoci\u00f3n de pol\u00edticas sobre agroecolog\u00eda, con la participaci\u00f3n de La Verdecita junto a distintos actores.<\/p>\n<p>En tercer lugar, la propuesta del Estado provincial expresada por el Secretario de Desarrollo Territorial es que mesa de di\u00e1logo \u00abtambi\u00e9n se ocupar\u00e1 en pensar c\u00f3mo buscar nuevos lugares donde poder llevar adelante estas experiencias\u00bb. Esta iniciativa fue muy bien vista por los productores, porque consideran vital la incorporaci\u00f3n de nuevas extensiones de tierra que permitan contener a m\u00e1s productores agroecol\u00f3gicos.<\/p>\n<p>El cuarto y \u00faltimo punto es el compromiso del Estado para incorporar un ingeniero agr\u00f3nomo con especializaci\u00f3n en agroecolog\u00eda, algo fundamental para el asesoramiento adecuado a los productores.<\/p>\n<h6>Fuente: El Litoral<\/h6>\n","protected":false},"excerpt":{"rendered":"<p>Luego de una reuni\u00f3n con funcionarios provinciales, productores locales del norte \u00abrespiran\u00bb en cuanto a seguir en el actual emplazamiento de \u00c1ngel Gallardo.<\/p>\n","protected":false},"author":2,"featured_media":106068,"comment_status":"closed","ping_status":"closed","sticky":false,"template":"","format":"standard","meta":{"footnotes":""},"categories":[2],"tags":[10],"class_list":["post-106067","post","type-post","status-publish","format-standard","has-post-thumbnail","hentry","category-informe-municipal","tag-santa-fe"],"_links":{"self":[{"href":"http:\/\/argentinamunicipal.com.ar\/argentina\/wp-json\/wp\/v2\/posts\/106067","targetHints":{"allow":["GET"]}}],"collection":[{"href":"http:\/\/argentinamunicipal.com.ar\/argentina\/wp-json\/wp\/v2\/posts"}],"about":[{"href":"http:\/\/argentinamunicipal.com.ar\/argentina\/wp-json\/wp\/v2\/types\/post"}],"author":[{"embeddable":true,"href":"http:\/\/argentinamunicipal.com.ar\/argentina\/wp-json\/wp\/v2\/users\/2"}],"replies":[{"embeddable":true,"href":"http:\/\/argentinamunicipal.com.ar\/argentina\/wp-json\/wp\/v2\/comments?post=106067"}],"version-history":[{"count":0,"href":"http:\/\/argentinamunicipal.com.ar\/argentina\/wp-json\/wp\/v2\/posts\/106067\/revisions"}],"wp:featuredmedia":[{"embeddable":true,"href":"http:\/\/argentinamunicipal.com.ar\/argentina\/wp-json\/wp\/v2\/media\/106068"}],"wp:attachment":[{"href":"http:\/\/argentinamunicipal.com.ar\/argentina\/wp-json\/wp\/v2\/media?parent=106067"}],"wp:term":[{"taxonomy":"category","embeddable":true,"href":"http:\/\/argentinamunicipal.com.ar\/argentina\/wp-json\/wp\/v2\/categories?post=106067"},{"taxonomy":"post_tag","embeddable":true,"href":"http:\/\/argentinamunicipal.com.ar\/argentina\/wp-json\/wp\/v2\/tags?post=106067"}],"curies":[{"name":"wp","href":"https:\/\/api.w.org\/{rel}","templated":true}]}}