{"id":106111,"date":"2020-08-12T07:26:13","date_gmt":"2020-08-12T10:26:13","guid":{"rendered":"http:\/\/argentinamunicipal.com.ar\/argentina\/?p=106111"},"modified":"2020-08-12T07:26:13","modified_gmt":"2020-08-12T10:26:13","slug":"el-concejo-rosarino-sesiono-en-la-isla-y-reclamo-por-la-ley-de-humedades","status":"publish","type":"post","link":"http:\/\/argentinamunicipal.com.ar\/argentina\/el-concejo-rosarino-sesiono-en-la-isla-y-reclamo-por-la-ley-de-humedades\/","title":{"rendered":"El Concejo rosarino sesion\u00f3 en la isla y reclam\u00f3 por la ley de humedades"},"content":{"rendered":"<p>Los concejales trataron 18 proyectos relacionados con las quemas. Al mismo tiempo, las columnas de humo volvieron a decir presente.<\/p>\n<p>Con toda la belleza del Paran\u00e1 como tel\u00f3n de fondo, el Concejo sesion\u00f3 esta ma\u00f1ana en la isla del Espinillo. Sentados en el patio de la escuela Marcos Sastre, los ediles aprobaron 18 proyectos relacionados con la quema indiscriminada que desde comienzos de a\u00f1o se registra en el delta del r\u00edo. Pero adem\u00e1s manifestaron su apoyo al tratamiento en el Congreso de la ley de humedales, un primer paso para la preservaci\u00f3n de estos territorios puestos en jaque por el avance de la ganader\u00eda y de la especulaci\u00f3n inmobiliaria. Mientras sesionaban, en la costa central rosarina se divisaban varias columnas de humo.<\/p>\n<p>Primero expusieron ambientalistas de Rosario. Franco Ferrugino, de la organizaci\u00f3n Mundo Aparte, reclam\u00f3 celeridad en el tratamiento de la ley de humedales y advirti\u00f3 sobre las consecuencias que tienen las quemas. \u00abCasi no hay sobrevivientes a los incendios, de los mam\u00edferos s\u00f3lo sobreviven los m\u00e1s r\u00e1pidos\u00bb, relat\u00f3.<\/p>\n<p>La referente de El Paran\u00e1 no se Toca, Gabriela Rold\u00e1n, pidi\u00f3 adem\u00e1s la sanci\u00f3n de ordenanzas para reducir los niveles de contaminaci\u00f3n producidos en el r\u00edo por los efluentes de las redes cloacales de las ciudades, los qu\u00edmicos de las empresas y el nivel de pl\u00e1stico que se descarta.<\/p>\n<p>La concejala de Iniciativa Popular (IP), Fernanda Gigliani, advirti\u00f3 sobre la necesidad de que la ley de humedales resulte \u00ablo m\u00e1s integral posible\u00bb para regular no s\u00f3lo la explotaci\u00f3n ganadera en las islas sino tambi\u00e9n el avance de las urbanizaciones en el delta.<\/p>\n<p>Por su parte,\u00a0Norma L\u00f3pez (Frente para la Victoria) propuso una lectura pol\u00edtica del problema.\u00a0\u00abLos mismos sectores econ\u00f3micos y pol\u00edticos que protagonizaron el conflicto del 2008 impiden los avances de la ley de humedales\u00bb, advirti\u00f3.<\/p>\n<p>La referente de Rosario Progresista, Susana Rueda, apost\u00f3 a que este a\u00f1o se logre la sanci\u00f3n de la ley de ambiente.<\/p>\n<p>Lisandro Zeno, en tanto, consider\u00f3 que adem\u00e1s de la sanci\u00f3n legislativa debe existir una \u00abvoluntad pol\u00edtica real de resolver, controlar y destinar recursos\u00bb para la preservaci\u00f3n de los terrenos.<\/p>\n<h6>Fuente: La Capital<\/h6>\n","protected":false},"excerpt":{"rendered":"<p>Los concejales trataron 18 proyectos relacionados con las quemas. Al mismo tiempo, las columnas de humo volvieron a decir presente.<\/p>\n","protected":false},"author":2,"featured_media":106112,"comment_status":"closed","ping_status":"closed","sticky":false,"template":"","format":"standard","meta":{"footnotes":""},"categories":[4],"tags":[10],"class_list":["post-106111","post","type-post","status-publish","format-standard","has-post-thumbnail","hentry","category-informe-politico","tag-santa-fe"],"_links":{"self":[{"href":"http:\/\/argentinamunicipal.com.ar\/argentina\/wp-json\/wp\/v2\/posts\/106111","targetHints":{"allow":["GET"]}}],"collection":[{"href":"http:\/\/argentinamunicipal.com.ar\/argentina\/wp-json\/wp\/v2\/posts"}],"about":[{"href":"http:\/\/argentinamunicipal.com.ar\/argentina\/wp-json\/wp\/v2\/types\/post"}],"author":[{"embeddable":true,"href":"http:\/\/argentinamunicipal.com.ar\/argentina\/wp-json\/wp\/v2\/users\/2"}],"replies":[{"embeddable":true,"href":"http:\/\/argentinamunicipal.com.ar\/argentina\/wp-json\/wp\/v2\/comments?post=106111"}],"version-history":[{"count":0,"href":"http:\/\/argentinamunicipal.com.ar\/argentina\/wp-json\/wp\/v2\/posts\/106111\/revisions"}],"wp:featuredmedia":[{"embeddable":true,"href":"http:\/\/argentinamunicipal.com.ar\/argentina\/wp-json\/wp\/v2\/media\/106112"}],"wp:attachment":[{"href":"http:\/\/argentinamunicipal.com.ar\/argentina\/wp-json\/wp\/v2\/media?parent=106111"}],"wp:term":[{"taxonomy":"category","embeddable":true,"href":"http:\/\/argentinamunicipal.com.ar\/argentina\/wp-json\/wp\/v2\/categories?post=106111"},{"taxonomy":"post_tag","embeddable":true,"href":"http:\/\/argentinamunicipal.com.ar\/argentina\/wp-json\/wp\/v2\/tags?post=106111"}],"curies":[{"name":"wp","href":"https:\/\/api.w.org\/{rel}","templated":true}]}}