{"id":106187,"date":"2020-08-13T07:58:43","date_gmt":"2020-08-13T10:58:43","guid":{"rendered":"http:\/\/argentinamunicipal.com.ar\/argentina\/?p=106187"},"modified":"2020-08-13T07:58:43","modified_gmt":"2020-08-13T10:58:43","slug":"santa-fe-se-postula-para-integrar-el-camino-de-los-jesuitas-de-la-republica-argentina","status":"publish","type":"post","link":"http:\/\/argentinamunicipal.com.ar\/argentina\/santa-fe-se-postula-para-integrar-el-camino-de-los-jesuitas-de-la-republica-argentina\/","title":{"rendered":"Santa Fe se postula para integrar el Camino de los Jesuitas de la Rep\u00fablica Argentina"},"content":{"rendered":"<p>La medida se fundamenta en los hechos hist\u00f3ricos, culturales, religiosos, educativos y civiles acontecidos en la ciudad. El intendente Emilio Jat\u00f3n comunic\u00f3 la intenci\u00f3n a las autoridades del Colegio de la Inmaculada Concepci\u00f3n, con quienes se reuni\u00f3 este viernes.<\/p>\n<p>La Manzana Jesu\u00edtica de la ciudad de Santa Fe fue postulada por la Municipalidad para integrar el Camino de los Jesuitas de la Rep\u00fablica Argentina. As\u00ed se lo comunic\u00f3 este viernes el intendente Emilio Jat\u00f3n a las autoridades del Colegio de la Inmaculada Concepci\u00f3n. Por la escuela estuvieron el rector, Fernando Cervera, y el administrador, Guillermo De Palma.<\/p>\n<p>La medida se fundamenta en los hechos hist\u00f3ricos, culturales, religiosos, educativos y civiles acontecidos en la ciudad, los cuales generan un enorme potencial tur\u00edstico que debe ser patrimonio de todos los argentinos. Al mismo tiempo, se trata de una oportunidad inmejorable ya que, una vez formalizada la incorporaci\u00f3n, la Manzana Jesu\u00edtica de la ciudad de Santa Fe se promocionar\u00e1 a la par de los complejos similares que se encuentran en Misiones (San Ignacio Min\u00ed), C\u00f3rdoba (Manzana y Estancias Jesu\u00edticas), Tucum\u00e1n, Corrientes (Yapey\u00fa, San Carlos y Santo Tom\u00e9) y Salta.<\/p>\n<p>En la ocasi\u00f3n, Jat\u00f3n record\u00f3 que el legado Jesuita en la ciudad de Santa Fe cuenta con una historia de 410 a\u00f1os, mientras que son 157 a\u00f1os de permanencia de la orden. \u00abEsto sin dudas que dej\u00f3 una huella en los santafesinos y en la historia de la ciudad. Uno de ellos es el paso del sacerdote Jorge Bergoglio como maestrillo; nuestro Papa Francisco pas\u00f3 por estos muros\u00bb, record\u00f3 el intendente.<\/p>\n<p>A\u00f1adi\u00f3 que \u00ab\u00e9se es s\u00f3lo uno de los tantos hechos que dotan a la Manzana Jesu\u00edtica de un valor hist\u00f3rico, cultural y patrimonial enormes. Se merece estar en el Camino de los Jesuitas de la Rep\u00fablica Argentina, y ac\u00e1 hoy empezamos a marchar hacia eso\u00bb.<\/p>\n<p>Debido a que las gestiones se realizan ante el Ministerio de Turismo y Deportes de la Naci\u00f3n, desde la Municipalidad se enviar\u00e1 una carta al titular de esa cartera, Mat\u00edas Lammens, en la cual se explica la importancia de sumar el espacio al Patrimonio Jesuita de Argentina. En la misiva se detalla el excelente estado de conservaci\u00f3n en que se encuentra el espacio y se describen los sucesos acontecidos en el mismo.<\/p>\n<p>El intendente confirm\u00f3 adem\u00e1s, que en una segunda etapa se gestionar\u00e1 la incorporaci\u00f3n al Camino Internacional de los Jesuitas, que se est\u00e1 trabajando en conjunto con Brasil, Paraguay, Uruguay y Bolivia.<\/p>\n<p><strong>Recorrido tur\u00edstico<\/strong><\/p>\n<p>Con anterioridad a la pandemia, la Municipalidad revaloriz\u00f3 la Manzana Jesu\u00edtica integr\u00e1ndola a sus recorridos de Mi Ciudad como Turista, que busca poner de relieve \u00e1reas hist\u00f3ricas y patrimoniales importantes de Santa Fe, tanto para el disfrute de los propios santafesinos como para los visitantes provenientes de otras provincias y pa\u00edses. A la propuesta se sum\u00f3 un original recorrido nocturno por la manzana y los t\u00faneles que concit\u00f3 la atenci\u00f3n del p\u00fablico. Disfrutaron de estos paseos guiados aproximadamente 1.700 personas.<\/p>\n<p>El paseo, impulsado por la Direcci\u00f3n de Turismo municipal, incluy\u00f3 datos de inter\u00e9s sobre la historia del Patio de los Naranjos, el santuario Nuestra Se\u00f1ora de los Milagros, la cripta, los t\u00faneles de Sala Garay, el museo del Colegio Inmaculada y el observatorio, donde se realizaron observaciones por telescopio de noche. Tambi\u00e9n, con motivo del 7\u00b0 a\u00f1o de pontificado, se integr\u00f3 al recorrido la visita guiada a la muestra permanente \u00abEl paso del Papa Francisco en Santa Fe\u00bb.<\/p>\n<h6>Fuente: El Litoral<\/h6>\n","protected":false},"excerpt":{"rendered":"<p>La medida se fundamenta en los hechos hist\u00f3ricos, culturales, religiosos, educativos y civiles acontecidos en la ciudad.<\/p>\n","protected":false},"author":2,"featured_media":106188,"comment_status":"closed","ping_status":"closed","sticky":false,"template":"","format":"standard","meta":{"footnotes":""},"categories":[2],"tags":[10],"class_list":["post-106187","post","type-post","status-publish","format-standard","has-post-thumbnail","hentry","category-informe-municipal","tag-santa-fe"],"_links":{"self":[{"href":"http:\/\/argentinamunicipal.com.ar\/argentina\/wp-json\/wp\/v2\/posts\/106187","targetHints":{"allow":["GET"]}}],"collection":[{"href":"http:\/\/argentinamunicipal.com.ar\/argentina\/wp-json\/wp\/v2\/posts"}],"about":[{"href":"http:\/\/argentinamunicipal.com.ar\/argentina\/wp-json\/wp\/v2\/types\/post"}],"author":[{"embeddable":true,"href":"http:\/\/argentinamunicipal.com.ar\/argentina\/wp-json\/wp\/v2\/users\/2"}],"replies":[{"embeddable":true,"href":"http:\/\/argentinamunicipal.com.ar\/argentina\/wp-json\/wp\/v2\/comments?post=106187"}],"version-history":[{"count":0,"href":"http:\/\/argentinamunicipal.com.ar\/argentina\/wp-json\/wp\/v2\/posts\/106187\/revisions"}],"wp:featuredmedia":[{"embeddable":true,"href":"http:\/\/argentinamunicipal.com.ar\/argentina\/wp-json\/wp\/v2\/media\/106188"}],"wp:attachment":[{"href":"http:\/\/argentinamunicipal.com.ar\/argentina\/wp-json\/wp\/v2\/media?parent=106187"}],"wp:term":[{"taxonomy":"category","embeddable":true,"href":"http:\/\/argentinamunicipal.com.ar\/argentina\/wp-json\/wp\/v2\/categories?post=106187"},{"taxonomy":"post_tag","embeddable":true,"href":"http:\/\/argentinamunicipal.com.ar\/argentina\/wp-json\/wp\/v2\/tags?post=106187"}],"curies":[{"name":"wp","href":"https:\/\/api.w.org\/{rel}","templated":true}]}}