{"id":106297,"date":"2020-08-19T05:41:08","date_gmt":"2020-08-19T08:41:08","guid":{"rendered":"http:\/\/argentinamunicipal.com.ar\/argentina\/?p=106297"},"modified":"2020-08-19T07:43:49","modified_gmt":"2020-08-19T10:43:49","slug":"ramona-abrira-una-fabrica-de-pastas-para-emplear-a-mujeres","status":"publish","type":"post","link":"http:\/\/argentinamunicipal.com.ar\/argentina\/ramona-abrira-una-fabrica-de-pastas-para-emplear-a-mujeres\/","title":{"rendered":"Ramona abrir\u00e1 una f\u00e1brica de pastas para emplear a mujeres"},"content":{"rendered":"<p>Las m\u00e1quinas ya hab\u00edan sido adquiridas previamente por un desembolso econ\u00f3mico del Ministerio de Desarrollo Social de Santa Fe. Ahora restan las capacitaciones y aprendizajes de administraci\u00f3n para que puedan llevar adelante este proyecto autogestivo.<\/p>\n<p>Si bien el mercado laboral sufre una profunda crisis que tiene niveles altos de desempleo, para muchas mujeres aun es m\u00e1s dificultoso acceder a una fuente de trabajo formal. Por ello con la mirada puesta en incentivar emprendimientos para su inserci\u00f3n la comuna de Ramona inici\u00f3 un proceso de reacondicionamiento de una f\u00e1brica para que puedan iniciar un nuevo proyecto.<\/p>\n<p>En esta etapa y aprovechando recursos comunales se complet\u00f3 la restauraci\u00f3n del espacio f\u00edsico que alojar\u00e1 un emprendimiento productivo de elaboraci\u00f3n de pastas frescas. El equipamiento ya hab\u00eda sido adquirido a trav\u00e9s de fondos aportados por el Ministerio de Desarrollo Social de la Provincia entre los que se incluyen una sobadora, amasadora, batidora, tallarinera, balanza y selladora de bolsas.<\/p>\n<p>El siguiente paso es realizar las capacitaciones y otorgar acompa\u00f1amiento a las interesadas en formar parte para que puedan fabricar y administrar su propio negocio en base a un sistema de solidaridad y responsabilidad.<\/p>\n<p>Desde la comuna expresaron que el proyecto fue pensado para beneficiar a las mujeres y su inserci\u00f3n laboral a trav\u00e9s de otras alternativas formando emprendedoras que puedan llevar adelante una labor autogestiva y mejorar as\u00ed su calidad de vida.<\/p>\n<h6>Fuente: La Voz de San Justo<\/h6>\n","protected":false},"excerpt":{"rendered":"<p>Las m\u00e1quinas ya hab\u00edan sido adquiridas previamente por un desembolso econ\u00f3mico del Ministerio de Desarrollo Social de Santa Fe. Ahora restan las capacitaciones y aprendizajes de administraci\u00f3n para que puedan llevar adelante este proyecto autogestivo.<\/p>\n","protected":false},"author":2,"featured_media":106298,"comment_status":"closed","ping_status":"closed","sticky":false,"template":"","format":"standard","meta":{"footnotes":""},"categories":[2],"tags":[10],"class_list":["post-106297","post","type-post","status-publish","format-standard","has-post-thumbnail","hentry","category-informe-municipal","tag-santa-fe"],"_links":{"self":[{"href":"http:\/\/argentinamunicipal.com.ar\/argentina\/wp-json\/wp\/v2\/posts\/106297","targetHints":{"allow":["GET"]}}],"collection":[{"href":"http:\/\/argentinamunicipal.com.ar\/argentina\/wp-json\/wp\/v2\/posts"}],"about":[{"href":"http:\/\/argentinamunicipal.com.ar\/argentina\/wp-json\/wp\/v2\/types\/post"}],"author":[{"embeddable":true,"href":"http:\/\/argentinamunicipal.com.ar\/argentina\/wp-json\/wp\/v2\/users\/2"}],"replies":[{"embeddable":true,"href":"http:\/\/argentinamunicipal.com.ar\/argentina\/wp-json\/wp\/v2\/comments?post=106297"}],"version-history":[{"count":0,"href":"http:\/\/argentinamunicipal.com.ar\/argentina\/wp-json\/wp\/v2\/posts\/106297\/revisions"}],"wp:featuredmedia":[{"embeddable":true,"href":"http:\/\/argentinamunicipal.com.ar\/argentina\/wp-json\/wp\/v2\/media\/106298"}],"wp:attachment":[{"href":"http:\/\/argentinamunicipal.com.ar\/argentina\/wp-json\/wp\/v2\/media?parent=106297"}],"wp:term":[{"taxonomy":"category","embeddable":true,"href":"http:\/\/argentinamunicipal.com.ar\/argentina\/wp-json\/wp\/v2\/categories?post=106297"},{"taxonomy":"post_tag","embeddable":true,"href":"http:\/\/argentinamunicipal.com.ar\/argentina\/wp-json\/wp\/v2\/tags?post=106297"}],"curies":[{"name":"wp","href":"https:\/\/api.w.org\/{rel}","templated":true}]}}