{"id":10636,"date":"2014-06-30T10:16:29","date_gmt":"2014-06-30T13:16:29","guid":{"rendered":"http:\/\/argentinamunicipal.com.ar\/argentina\/?p=10636"},"modified":"2014-06-30T10:16:29","modified_gmt":"2014-06-30T13:16:29","slug":"piden-que-se-derogue-la-ley-que-regula-ferias-americanas-en-salta","status":"publish","type":"post","link":"http:\/\/argentinamunicipal.com.ar\/argentina\/piden-que-se-derogue-la-ley-que-regula-ferias-americanas-en-salta\/","title":{"rendered":"Piden que se derogue la ley que regula ferias americanas en Salta"},"content":{"rendered":"<p><a href=\"http:\/\/argentinamunicipal.com.ar\/argentina\/wp-content\/uploads\/2014\/06\/425476_620.jpg\"><img loading=\"lazy\" decoding=\"async\" class=\"aligncenter size-full wp-image-10637\" src=\"http:\/\/argentinamunicipal.com.ar\/argentina\/wp-content\/uploads\/2014\/06\/425476_620.jpg\" alt=\"425476_620\" width=\"620\" height=\"465\" srcset=\"http:\/\/argentinamunicipal.com.ar\/argentina\/wp-content\/uploads\/2014\/06\/425476_620.jpg 620w, http:\/\/argentinamunicipal.com.ar\/argentina\/wp-content\/uploads\/2014\/06\/425476_620-300x225.jpg 300w\" sizes=\"auto, (max-width: 620px) 100vw, 620px\" \/><\/a><br \/>\nDenuncian el reiterado secuestro de mercader\u00eda y la imposibilidad de cumplir con la reconversi\u00f3n. Seg\u00fan la CAME, Salta es la sexta provincia con m\u00e1s \u201csaladitas\u201d. En total existen unos 2.600 puestos.<\/p>\n<p>Las llaman \u201chongos azules\u201d y han proliferado. Las ferias americanas se han convertido en parte del circuito de compras de los salte\u00f1os, eso no es novedad, y, pese a que forman parte del comercio ilegal, son la alternativa por la que optan cada vez m\u00e1s personas en contraposici\u00f3n a los comercios que cumplen con todas las de la ley.<\/p>\n<p>A fines de 2011 la Municipalidad y el Gobierno de la Provincia, promovida por la C\u00e1mara de Comercio de Salta, sancionaron la ley 7700 que regula la actividad de las ferias americanas en Salta. A dos a\u00f1os y medio de esa disposici\u00f3n, los feriantes de la cooperativa \u201cLa saladita salte\u00f1a\u201d enviar\u00e1n un petitorio formal a la C\u00e1mara de Diputados para solicitar la derogaci\u00f3n de la ley. \u00bfEn qu\u00e9 se motiva el pedido? Aseguran que desde su implementaci\u00f3n en la provincia, han sufrido el reiterado secuestro de mercader\u00eda y tambi\u00e9n que no han podido cumplir con el \u00edtem de reconversi\u00f3n, que estipula que en el plazo de dos a\u00f1os cambien de actividad para dejar de ser parte del comercio ilegal, en tanto que no ha habido ning\u00fan tipo de acompa\u00f1amiento de los \u00f3rganos del Estado para poder regularizar su situaci\u00f3n y no cuentan con las herramientas ni los recursos para hacerlo. \u201cLos funcionarios sacaron la ley y punto. Pero nadie promovi\u00f3 medidas tendientes a garantizar mejores condiciones en nuestro trabajo. Creemos que el secuestro de la mercader\u00eda es un abuso de poder de organismos como la Polic\u00eda y Rentas\u201d, dijo Hilda Silva, presidenta de la cooperativa. Adem\u00e1s, sostuvo: \u201cTratamos de cumplir con la ley pero no nos resulta econ\u00f3micamente. Han desertado compa\u00f1eros que se van a otros predios en donde no pagan nada. Quedan much\u00edsimas ferias que no cumplen con la ley. La ley tiene como fin la desaparici\u00f3n de las ferias americanas y nosotros sabemos que somos competencia desleal, pero pedimos que se revea la ley y que se nos d\u00e9 la posibilidad de trabajar bien\u201d, agreg\u00f3. Desde la C\u00e1mara de Comercio de Salta optaron por abstenerse de brindar una opini\u00f3n al respecto hasta tanto se haga efectiva la presentaci\u00f3n del pedido formal de los feriantes ante la C\u00e1mara de Diputados.<\/p>\n<p>La cooperativa funciona en un predio que alquilan en la avenida L\u00edbano y Chile. All\u00ed hay casi cincuenta feriantes nucleados.<\/p>\n<h3>Salta, en sexto lugar<\/h3>\n<p>La Confederaci\u00f3n Argentina de la Mediana Empresa (CAME) detect\u00f3 522 ferias en 111 ciudades de todo el pa\u00eds, donde trabajar\u00edan alrededor de 51 mil vendedores ilegales. La ciudad de Salta se encuentra sexta entre las que tienen m\u00e1s saladitas del pa\u00eds, con un total de 15. Las ferias americanas comenzaron primeramente con la venta de ropa usada. En primer lugar se encuentra la Ciudad de Buenos Aires con 116, le sigue C\u00f3rdoba capital con 25, Mar del Plata con 24, el partido de La Matanza con 20 y el partido de Moreno con 15. En tanto, Salvador de Jujuy se encuentra s\u00e9ptima con 12, seguida por San Miguel de Tucum\u00e1n, con 11.<\/p>\n<h3>\u201cPrecios imposibles\u201d<\/h3>\n<p>Calcular el gasto no es nada dif\u00edcil. Para un matrimonio, con tres hijos adolescentes, comprar tres camperas abrigadas es una acci\u00f3n que puede traducirse en miles de pesos. En las tiendas de indumentaria deportiva, $1.000 es el precio estimativo al que se vende ese tipo de prendas. En las ferias americanas, una prenda similar puede costar alrededor de $200, cinco veces menos. Al ejemplo lo da Hilda Silva, que no pierde de vista que se perjudica al comercio legal, pero que plantea una situaci\u00f3n real, frente a la inflaci\u00f3n y la crisis econ\u00f3mica que se intensifica en el pa\u00eds.<\/p>\n<p>\u201cMucha gente piensa que a la feria solo va la gente de altos recursos, para divertirse. Lo cierto es que tambi\u00e9n va mucha gente que no tiene la posibilidad de comprar en el centro ni mucho menos en el shopping donde los precios son imposibles\u201d, explic\u00f3 la mujer.<\/p>\n<h3>Los alcances de la ley 7.700<\/h3>\n<p>La ley 7.700, sancionada en diciembre de 2011, establece requisitos para los feriantes y propietarios de los predios donde se instalen.<\/p>\n<p>Contar con las inscripciones impositivas, instalaciones de salubridad y seguridad, pasillos amplios, salidas de emergencia, seguros contra incendios, contra riesgos de terceros, etc; contar, adem\u00e1s, con las inscripciones nacionales, provinciales y municipales, con la constancia de habilitaci\u00f3n y el contrato de locaci\u00f3n, son algunos de los puntos m\u00e1s sobresalientes de la medida.<\/p>\n<p>El negocio de estos comercios moviliza $1.200 millones mensuales en todo el pa\u00eds.<\/p>\n<p>Los principales rubros con los que trabajan las ferias son: ropa, indumentaria deportiva, alimentos y juguetes.<\/p>\n<h6>Fuente: El Tribuno, Salta<\/h6>\n","protected":false},"excerpt":{"rendered":"<p>Denuncian el reiterado secuestro de mercader\u00eda y la imposibilidad de cumplir con la reconversi\u00f3n. Seg\u00fan la CAME, Salta es la sexta provincia con m\u00e1s \u201csaladitas\u201d. En total existen unos 2.600 puestos. Las llaman \u201chongos azules\u201d y han proliferado. Las ferias americanas se han convertido en parte del circuito de compras de los salte\u00f1os, eso no<\/p>\n","protected":false},"author":2,"featured_media":10637,"comment_status":"closed","ping_status":"closed","sticky":false,"template":"","format":"standard","meta":{"footnotes":""},"categories":[2],"tags":[9],"class_list":["post-10636","post","type-post","status-publish","format-standard","has-post-thumbnail","hentry","category-informe-municipal","tag-salta"],"_links":{"self":[{"href":"http:\/\/argentinamunicipal.com.ar\/argentina\/wp-json\/wp\/v2\/posts\/10636","targetHints":{"allow":["GET"]}}],"collection":[{"href":"http:\/\/argentinamunicipal.com.ar\/argentina\/wp-json\/wp\/v2\/posts"}],"about":[{"href":"http:\/\/argentinamunicipal.com.ar\/argentina\/wp-json\/wp\/v2\/types\/post"}],"author":[{"embeddable":true,"href":"http:\/\/argentinamunicipal.com.ar\/argentina\/wp-json\/wp\/v2\/users\/2"}],"replies":[{"embeddable":true,"href":"http:\/\/argentinamunicipal.com.ar\/argentina\/wp-json\/wp\/v2\/comments?post=10636"}],"version-history":[{"count":0,"href":"http:\/\/argentinamunicipal.com.ar\/argentina\/wp-json\/wp\/v2\/posts\/10636\/revisions"}],"wp:featuredmedia":[{"embeddable":true,"href":"http:\/\/argentinamunicipal.com.ar\/argentina\/wp-json\/wp\/v2\/media\/10637"}],"wp:attachment":[{"href":"http:\/\/argentinamunicipal.com.ar\/argentina\/wp-json\/wp\/v2\/media?parent=10636"}],"wp:term":[{"taxonomy":"category","embeddable":true,"href":"http:\/\/argentinamunicipal.com.ar\/argentina\/wp-json\/wp\/v2\/categories?post=10636"},{"taxonomy":"post_tag","embeddable":true,"href":"http:\/\/argentinamunicipal.com.ar\/argentina\/wp-json\/wp\/v2\/tags?post=10636"}],"curies":[{"name":"wp","href":"https:\/\/api.w.org\/{rel}","templated":true}]}}