{"id":10639,"date":"2014-06-30T10:19:22","date_gmt":"2014-06-30T13:19:22","guid":{"rendered":"http:\/\/argentinamunicipal.com.ar\/argentina\/?p=10639"},"modified":"2014-06-30T10:19:22","modified_gmt":"2014-06-30T13:19:22","slug":"la-poma-suma-servicios-con-nuevas-instalaciones-del-banco-macro-y-el-correo-argentino","status":"publish","type":"post","link":"http:\/\/argentinamunicipal.com.ar\/argentina\/la-poma-suma-servicios-con-nuevas-instalaciones-del-banco-macro-y-el-correo-argentino\/","title":{"rendered":"La Poma suma servicios con nuevas instalaciones del Banco Macro y el Correo Argentino"},"content":{"rendered":"<p><a href=\"http:\/\/argentinamunicipal.com.ar\/argentina\/wp-content\/uploads\/2014\/06\/web-gob-en-la-poma1.jpg\"><img loading=\"lazy\" decoding=\"async\" class=\"alignleft size-full wp-image-10640\" src=\"http:\/\/argentinamunicipal.com.ar\/argentina\/wp-content\/uploads\/2014\/06\/web-gob-en-la-poma1.jpg\" alt=\"web-gob-en-la-poma1\" width=\"560\" height=\"361\" srcset=\"http:\/\/argentinamunicipal.com.ar\/argentina\/wp-content\/uploads\/2014\/06\/web-gob-en-la-poma1.jpg 560w, http:\/\/argentinamunicipal.com.ar\/argentina\/wp-content\/uploads\/2014\/06\/web-gob-en-la-poma1-300x193.jpg 300w\" sizes=\"auto, (max-width: 560px) 100vw, 560px\" \/><\/a>La comunidad andina destac\u00f3 que tener servicio postal y bancario, incrementar\u00e1 la actividad econ\u00f3mica y evitar\u00e1 el traslado a otros municipios. En esta localidad est\u00e1n ubicados los Graneros Incaicos, declarado patrimonio de la humanidad por la Unesco y en este sentido el Gobernador los convoc\u00f3 a seguir el progreso pero respetando la cultura.<\/p>\n<p>El gobernador Juan Manuel Urtubey en La Poma encabez\u00f3 la inauguraci\u00f3n de nuevos servicios para esta comunidad, con la habilitaci\u00f3n de un cajero del Banco Macro y de una nueva oficina del Correo Argentino. De esta manera tr\u00e1mites y gestiones que obligaban a trasladarse a otros parajes, podr\u00e1n hacerse en su localidad e incrementar\u00e1n el flujo econ\u00f3mico del lugar.<\/p>\n<p>El Gobernador dijo que \u201cen Argentina se tom\u00f3 la decisi\u00f3n hace un poco m\u00e1s de diez a\u00f1os de recuperar el Estado para su pueblo, porque hubo un presidente que se llamaba N\u00e9stor Kirchner que tom\u00f3 una decisi\u00f3n estrat\u00e9gica de devolver la capacidad operativa que hab\u00eda perdido en nombre de grupos econ\u00f3micos. Mencion\u00f3 entre los servicios recuperados al Correo Argentino y la inauguraci\u00f3n de esta oficina.<\/p>\n<p>El intendente Abraham Choque agradeci\u00f3 al Correo Argentino y al Banco Macro porque pese a las limitaciones que impone la geograf\u00eda, invirtieron en La Poma. \u201cEl servicio de cajero autom\u00e1tico ser\u00e1 \u00fatil para los turistas que nos visitan indic\u00f3\u201d.<\/p>\n<p>Al referirse al servicio bancario a trav\u00e9s de un cajero autom\u00e1tico, el mandatario destac\u00f3 la pr\u00f3rroga del acuerdo entre la Provincia y el Grupo Macro y opin\u00f3 que \u201clos que discuten esto seguramente est\u00e1n a pocas cuadras de la plaza 9 de Julio y no en La Poma o en el Chaco salte\u00f1o\u201d.<\/p>\n<h3>Graneros de La Poma<\/h3>\n<p>El gobernador Juan Manuel Urtubey en materia de turismo, Urtubey les record\u00f3 que la comunidad cuenta con un patrimonio mundial de la Unesco, que son los Graneros Incaicos de La Poma. \u201cSignifica una oportunidad para que se pueda explotar el turismo, pero tambi\u00e9n y es lo m\u00e1s importante, que se reconozca lo que somos, de d\u00f3nde venimos y asumamos nuestra historia\u201d.<\/p>\n<p>\u201cTenemos la obligaci\u00f3n moral de garantizar el progreso respetando nuestra cultura, lo que somos, pero no neg\u00e1ndonos al crecimiento\u201d, finaliz\u00f3.<\/p>\n<p>Tambi\u00e9n llegaron a La Poma, el ministro de Trabajo, Eduardo Costello, el gerente regional Centro del Correo Argentino, Sim\u00f3n Dacenchich y el gerente de Salta, Carlos Choque.<\/p>\n<h6>Fuente: La Hora de Salta<\/h6>\n","protected":false},"excerpt":{"rendered":"<p>La comunidad andina destac\u00f3 que tener servicio postal y bancario, incrementar\u00e1 la actividad econ\u00f3mica y evitar\u00e1 el traslado a otros municipios. En esta localidad est\u00e1n ubicados los Graneros Incaicos, declarado patrimonio de la humanidad por la Unesco y en este sentido el Gobernador los convoc\u00f3 a seguir el progreso pero respetando la cultura. El gobernador<\/p>\n","protected":false},"author":2,"featured_media":10640,"comment_status":"closed","ping_status":"closed","sticky":false,"template":"","format":"standard","meta":{"footnotes":""},"categories":[2],"tags":[9],"class_list":["post-10639","post","type-post","status-publish","format-standard","has-post-thumbnail","hentry","category-informe-municipal","tag-salta"],"_links":{"self":[{"href":"http:\/\/argentinamunicipal.com.ar\/argentina\/wp-json\/wp\/v2\/posts\/10639","targetHints":{"allow":["GET"]}}],"collection":[{"href":"http:\/\/argentinamunicipal.com.ar\/argentina\/wp-json\/wp\/v2\/posts"}],"about":[{"href":"http:\/\/argentinamunicipal.com.ar\/argentina\/wp-json\/wp\/v2\/types\/post"}],"author":[{"embeddable":true,"href":"http:\/\/argentinamunicipal.com.ar\/argentina\/wp-json\/wp\/v2\/users\/2"}],"replies":[{"embeddable":true,"href":"http:\/\/argentinamunicipal.com.ar\/argentina\/wp-json\/wp\/v2\/comments?post=10639"}],"version-history":[{"count":0,"href":"http:\/\/argentinamunicipal.com.ar\/argentina\/wp-json\/wp\/v2\/posts\/10639\/revisions"}],"wp:featuredmedia":[{"embeddable":true,"href":"http:\/\/argentinamunicipal.com.ar\/argentina\/wp-json\/wp\/v2\/media\/10640"}],"wp:attachment":[{"href":"http:\/\/argentinamunicipal.com.ar\/argentina\/wp-json\/wp\/v2\/media?parent=10639"}],"wp:term":[{"taxonomy":"category","embeddable":true,"href":"http:\/\/argentinamunicipal.com.ar\/argentina\/wp-json\/wp\/v2\/categories?post=10639"},{"taxonomy":"post_tag","embeddable":true,"href":"http:\/\/argentinamunicipal.com.ar\/argentina\/wp-json\/wp\/v2\/tags?post=10639"}],"curies":[{"name":"wp","href":"https:\/\/api.w.org\/{rel}","templated":true}]}}