{"id":106451,"date":"2020-08-24T07:42:04","date_gmt":"2020-08-24T10:42:04","guid":{"rendered":"http:\/\/argentinamunicipal.com.ar\/argentina\/?p=106451"},"modified":"2020-08-24T07:42:04","modified_gmt":"2020-08-24T10:42:04","slug":"santa-fe-ayudanos-a-ayudar-cuatro-meses-colaborando-con-la-gente","status":"publish","type":"post","link":"http:\/\/argentinamunicipal.com.ar\/argentina\/santa-fe-ayudanos-a-ayudar-cuatro-meses-colaborando-con-la-gente\/","title":{"rendered":"Santa Fe: \u00abAy\u00fadanos A Ayudar\u00bb, cuatro meses colaborando con la gente"},"content":{"rendered":"<p>El comedor y merendero tuvo su g\u00e9nesis poco tiempo despu\u00e9s de iniciado el aislamiento social, preventivo y obligatorio en todo el pa\u00eds. Actualmente, 250 personas reciben la cena de lunes a viernes y el desayuno los s\u00e1bados.<\/p>\n<p>De lunes a viernes, a partir de las 19, en el aire de La Guardia comienzan a respirarse ricos sabores. A esa hora, ya est\u00e1 la comida lista en el comedor y merendero \u00abAy\u00fadanos a ayudar\u00bb. El mismo surgi\u00f3 por iniciativa de los propios vecinos, a los 30 d\u00edas de comenzada la cuarentena obligatoria en el pa\u00eds. El espacio se ubica en la Bajada Dist\u00e9fano, a pocos metros de la Ruta Nacional 168.<\/p>\n<p>Hugo Mena y Susana C\u00f3ceres, son la cabeza de un grupo numeroso de ayudantes, que cocinan la cena de lunes a viernes y el desayuno los s\u00e1bados a la ma\u00f1ana, para unas 250 personas. \u00abHace pocos d\u00edas cumplimos cuatro meses y con el esfuerzo de todos nosotros, seguimos adelante. Con Susana contamos con un gran equipo de colaboradores conformado por unos 15 chicos j\u00f3venes, entre mis hijos y amigos. Tambi\u00e9n hay muchos vecinos que vienen a colaborar a quienes les agradecemos mucho por el gran esfuerzo que hacen tanto para cocinar, como para buscar cualquier cosa que haga falta\u00bb, dijo Hugo, tomando la iniciativa en la charla con El Litoral.<\/p>\n<p>\u00abLa idea de abrir el comedor fue de mi hijo Carlos, quien visit\u00f3 a unos amigos suyos y vio la necesidad que estaba pasando esa familia a partir de que empez\u00f3 la cuarentena\u00bb, explic\u00f3 Susana, que es adem\u00e1s, la encargada de amasar el pan con sus propias manos. \u00abAl principio el pan nos lo donaban, pero al chico se le rompi\u00f3 la m\u00e1quina con la que lo hac\u00eda y no pudo venir m\u00e1s. Entonces, cuando tenemos harina, lo hacemos y se lo damos a cada familia en una bolsa, cuando vienen a retirar sus raciones en envases o tupper que ellos mismos llevan, as\u00ed estamos organizados\u00bb.<\/p>\n<p>Desde el primer momento, se cocina a le\u00f1a. Por ende, adem\u00e1s de alimentos (los cuales utilizan cerca de 20 kilos por d\u00eda), la le\u00f1a tambi\u00e9n es un elemento esencial que necesitan todos los d\u00edas. \u00abLa ayuda que m\u00e1s recibimos es la de la gente que colabora desinteresadamente, vecinos de la zona y alrededores, varios de barrio El Pozo. La mayor\u00eda vienen de visita y no quieren que les tomemos fotos ni que los nombremos\u00bb, contaron los responsables de \u00abAy\u00fadanos a Ayudar\u00bb, quienes coinciden en afirmar que \u00abes algo que hacemos de coraz\u00f3n. Pero lo ideal ser\u00eda que todos tengan la comida en la casa. Hay gente que viene de lejos, porque realmente lo necesitan.<\/p>\n<p>Dentro de las 1500 raciones semanales, l\u00f3gicamente est\u00e1n las del desayuno de los s\u00e1bados, donde dan la leche, acompa\u00f1ada con una torta frita, pan o bizcochuelo que arman ellos mismos, todo casero. Los cocineros y sus ayudantes, intentan llevar un control, anotando a todos y cada uno de los integrantes de las familias, as\u00ed no producen de m\u00e1s ni de menos.<\/p>\n<p>\u00abAc\u00e1 en el barrio, hay gente grande que no puede moverse de la casa y los chicos se la llevan. Estamos pele\u00e1ndola juntos. La gente nos agradece todas las noches por el esfuerzo diario que hacemos para tener los alimentos y la le\u00f1a para cocinar. Todo lo hacemos de coraz\u00f3n\u00bb.<\/p>\n<p>Sobre el final, Hugo Mena dijo: \u00abOjal\u00e1 se corte pronto la pandemia, pero mientras est\u00e9 y nosotros podamos ayudar, lo vamos a seguir haciendo con orgullo, tenemos mucho amor por la gente. Es un esfuerzo grande el que hacemos, porque hay semanas que se nos hace realmente muy dif\u00edcil mantener la olla, pero de alg\u00fan lugar u otro, sale. Muchas veces tambi\u00e9n, poniendo plata de nuestros bolsillos\u00bb.<\/p>\n<p>\u00abEn estos cuatro meses, Dios nos ayud\u00f3 e ilumin\u00f3 para poder seguir colaborando con la gente\u00bb, concluy\u00f3 Susana.<\/p>\n<p>CONTACTOS PARA COLABORAR<br \/>\nLos responsables del comedor, contaron que Desarrollo Social de la provincia les \u00abda una mano. No es mucho, pero ayuda. As\u00ed que nosotros le ponemos el hombro, porque queremos seguir en esto\u00bb. La gente tambi\u00e9n colabora, y lo hace por cualquier v\u00eda. Para contactarse, lo pueden hacer por tel\u00e9fono o WhatsApp al 3425001817. Y tambi\u00e9n pueden buscar informaci\u00f3n y contacto a trav\u00e9s de las redes sociales. Facebook: \u00abAy\u00fadanos A Ayudar\u00bb; Instagram: @ayudanosa517. Incluso, con aquellos que no se pueden acercar hasta La Guardia, se puede coordinar para que vaya gente del comedor a buscar las donaciones.<\/p>\n<h6>Fuente: El Litoral<\/h6>\n","protected":false},"excerpt":{"rendered":"<p>El comedor y merendero tuvo su g\u00e9nesis poco tiempo despu\u00e9s de iniciado el aislamiento social, preventivo y obligatorio en todo el pa\u00eds. Actualmente, 250 personas reciben la cena de lunes a viernes y el desayuno los s\u00e1bados.<\/p>\n","protected":false},"author":2,"featured_media":106452,"comment_status":"closed","ping_status":"closed","sticky":false,"template":"","format":"standard","meta":{"footnotes":""},"categories":[2],"tags":[10],"class_list":["post-106451","post","type-post","status-publish","format-standard","has-post-thumbnail","hentry","category-informe-municipal","tag-santa-fe"],"_links":{"self":[{"href":"http:\/\/argentinamunicipal.com.ar\/argentina\/wp-json\/wp\/v2\/posts\/106451","targetHints":{"allow":["GET"]}}],"collection":[{"href":"http:\/\/argentinamunicipal.com.ar\/argentina\/wp-json\/wp\/v2\/posts"}],"about":[{"href":"http:\/\/argentinamunicipal.com.ar\/argentina\/wp-json\/wp\/v2\/types\/post"}],"author":[{"embeddable":true,"href":"http:\/\/argentinamunicipal.com.ar\/argentina\/wp-json\/wp\/v2\/users\/2"}],"replies":[{"embeddable":true,"href":"http:\/\/argentinamunicipal.com.ar\/argentina\/wp-json\/wp\/v2\/comments?post=106451"}],"version-history":[{"count":0,"href":"http:\/\/argentinamunicipal.com.ar\/argentina\/wp-json\/wp\/v2\/posts\/106451\/revisions"}],"wp:featuredmedia":[{"embeddable":true,"href":"http:\/\/argentinamunicipal.com.ar\/argentina\/wp-json\/wp\/v2\/media\/106452"}],"wp:attachment":[{"href":"http:\/\/argentinamunicipal.com.ar\/argentina\/wp-json\/wp\/v2\/media?parent=106451"}],"wp:term":[{"taxonomy":"category","embeddable":true,"href":"http:\/\/argentinamunicipal.com.ar\/argentina\/wp-json\/wp\/v2\/categories?post=106451"},{"taxonomy":"post_tag","embeddable":true,"href":"http:\/\/argentinamunicipal.com.ar\/argentina\/wp-json\/wp\/v2\/tags?post=106451"}],"curies":[{"name":"wp","href":"https:\/\/api.w.org\/{rel}","templated":true}]}}