{"id":106454,"date":"2020-08-24T07:56:04","date_gmt":"2020-08-24T10:56:04","guid":{"rendered":"http:\/\/argentinamunicipal.com.ar\/argentina\/?p=106454"},"modified":"2020-08-24T07:56:04","modified_gmt":"2020-08-24T10:56:04","slug":"rosario-por-la-pandemia-de-covid-19-vecinos-del-centro-van-a-los-comedores-comunitarios","status":"publish","type":"post","link":"http:\/\/argentinamunicipal.com.ar\/argentina\/rosario-por-la-pandemia-de-covid-19-vecinos-del-centro-van-a-los-comedores-comunitarios\/","title":{"rendered":"Rosario: Por la pandemia de Covid-19, vecinos del centro van a los comedores comunitarios"},"content":{"rendered":"<p>Un nuevo sector se vio arrojado a una situaci\u00f3n de fragilidad econ\u00f3mica y social, llegando a necesitar algo tan b\u00e1sico como un plato de comida.<\/p>\n<p>Producto de la crisis econ\u00f3mica agudizada en los \u00faltimos meses por la pandemia, un nuevo sector se vio arrojado a una situaci\u00f3n de fragilidad econ\u00f3mica y social, llegando a necesitar algo tan b\u00e1sico como un plato de comida. Hoy, a los hist\u00f3ricamente postergados, se le sum\u00f3 una nueva franja de poblaci\u00f3n de la clase media c\u00e9ntrica que requiere alimentos y no cuenta con las redes de contenci\u00f3n barriales, como ollas populares, merenderos y copas de leche.<\/p>\n<p>Para hacer frente a este nuevo escenario, desde Ciudad Futura generaron una gran \u201ccocina centralizada\u201d en el local del distrito centro (San Mart\u00edn 1168), que produce viandas para llegar a este nuevo sujeto a trav\u00e9s de entidades que las distribuyen, como clubes, vecinales, escuelas, o personas comunes que toman a cargo la distribuci\u00f3n a otras familias.<\/p>\n<p>Comenzaron el 21 de mayo con 180 raciones, y actualmente llegan a 500. Los que las reciben son trabajadores de delivery, habitantes de pensiones del centro, actores, titiriteros, artesanos, peluqueras, trabajadoras sexuales, comerciantes y vecinos organizados. \u201cSon gente que es dif\u00edcil de detectar para el Estado, porque no ha sido mapeada. No reciben planes ni viven en barrios vulnerables. Son clase media que va cayendo lentamente\u201d, explica la militante Estefan\u00eda Bianco.<\/p>\n<p>Cocinan dos veces por semana, martes y jueves, y las entregan por la tarde. La gente tiene que llevar sus recipientes para ahorrar en descartables, porque cada peso se invierte en alimentos. Todo funciona con donaciones de personas individuales, del Banco de Alimentos de Rosario, y fondos propios de la agrupaci\u00f3n. Cada persona que recibe la vianda es una historia particular de necesidades.<\/p>\n<p><strong>Delivery<\/strong><\/p>\n<p>Viviana (32) es abogada pero trabaja para un app de delivery. Luego de renunciar a un estudio jur\u00eddico en el que le pagaban poco, se larg\u00f3 sola y tambi\u00e9n empez\u00f3 a cadetear de noche como complemento para llegar a fin de mes. Pero la pandemia par\u00f3 los Tribunales, y los honorarios laborales de los clientes, con la crisis, tambi\u00e9n se cortaron. Dej\u00f3 su departamento al vencer el contrato, pas\u00f3 por lo de una t\u00eda, y recal\u00f3 en una pensi\u00f3n de Laprida al 900.<\/p>\n<p>All\u00ed viven varias mujeres que ten\u00edan trabajo en relaci\u00f3n de dependencia e ingreso fijo, pero la pandemia las dej\u00f3 sin nada. Tambi\u00e9n artesanas y se\u00f1oras mayores sin empleo que son ayudadas por sus familias. Muchas estaban all\u00ed porque no tienen garant\u00eda para alquilar. Todas sintieron la carencia. Las viandas, que Viviana lleva martes y jueves tras enterarse por un compa\u00f1ero, se estiran para que alcancen para mi\u00e9rcoles y viernes. \u201cLa ayuda sirvi\u00f3 para ahorrar en comida y cubrir el gasto de alquiler, que se convirti\u00f3 en el m\u00e1s urgente durante la cuarentena\u201d, cuenta.<\/p>\n<p><strong>Solidario \u2008\u2002\u2002<\/strong><\/p>\n<p>Javier (49), es titiritero y docente de arte. Junto a colegas sostiene la Estaci\u00f3n de los T\u00edteres, en 9 de julio y Paran\u00e1, y cuando se enter\u00f3 de la existencia de las viandas solidarias, se ofreci\u00f3 a repartirlas. \u201cNosotros no necesit\u00e1bamos, pero la se\u00f1ora que limpia la estaci\u00f3n y vive en Ovidio Lagos al 8000, nos dijo que s\u00ed\u201d, cuenta. Hasta all\u00ed lleva en su auto comida para 40 vecinos: \u201cUna abuela me dijo \u00abgracias por llenarme la panza\u00bb cuando se la entregu\u00e9\u201d, ilustra con tristeza.<\/p>\n<p>Pero adem\u00e1s, reparte otras 50 a grupos de actores y de payasos en Arroyito y en la zona de la Terminal, donde est\u00e1n viviendo en comunidad en grandes casas. \u201cPor el lado art\u00edstico no est\u00e1 ingresando plata, as\u00ed que se juntan entre muchos y viven todos juntos\u201d, revela. Entre ellos, hay muchos j\u00f3venes, estudiantes de la escuela de teatro y de circo que viven trabajando en las paradas de sem\u00e1foros. Tambi\u00e9n juntan fondos entre colegas para hacerle bolsones a los que solo viven del arte, y la est\u00e1n pasando mal.<\/p>\n<p><strong>Teatro \u2008\u2002\u2002<\/strong><\/p>\n<p>Angel (50) es actor y dice que la pandemia le peg\u00f3 \u201cde la peor manera posible\u201d, porque adem\u00e1s de trabajar en la actuaci\u00f3n, hace m\u00fasica y pasea perros. Todas las actividades que le daban ingreso quedaron truncas: al parate art\u00edstico le sum\u00f3 la imposibilidad de pasear mascotas, y luego que los due\u00f1os aprovechaban la excusa para salir de su casa. Hoy tiene la tercera parte de clientes que antes del virus. Alquila una habitaci\u00f3n en una casa de familia, adonde se fue atrasando pero lo \u201cbancan\u201d.<\/p>\n<p>Una amiga le avis\u00f3 de las viandas. Fue un par de veces a retirar y pregunt\u00f3 si necesitaban una mano, as\u00ed que los martes y jueves va a pelar zanahorias y cebollas a la cocina. \u201cMe parec\u00eda lo m\u00ednimo por lo copado del gesto\u201d, dijo, y destac\u00f3 \u201cla red solidaria y de ayuda\u201d a las personas vulnerables, ya que tambi\u00e9n recibe bolsones del Sindicato del M\u00fasico y de la Asociaci\u00f3n de Actores. Advierte que el panorama para los artistas \u201ces desolador\u201d porque el teatro seguramente sea una de las \u00faltimas actividades en retomarse. Considera que el streaming sin p\u00fablico en vivo \u201ces como dar un show haciendo playback\u201d, y que adem\u00e1s, \u201cson cuestiones selectivas y vinculadas a los amiguismos\u201d.<\/p>\n<h6>Fuente: La Capital<\/h6>\n","protected":false},"excerpt":{"rendered":"<p>Un nuevo sector se vio arrojado a una situaci\u00f3n de fragilidad econ\u00f3mica y social, llegando a necesitar algo tan b\u00e1sico como un plato de comida.<\/p>\n","protected":false},"author":2,"featured_media":106455,"comment_status":"closed","ping_status":"closed","sticky":false,"template":"","format":"standard","meta":{"footnotes":""},"categories":[2],"tags":[10],"class_list":["post-106454","post","type-post","status-publish","format-standard","has-post-thumbnail","hentry","category-informe-municipal","tag-santa-fe"],"_links":{"self":[{"href":"http:\/\/argentinamunicipal.com.ar\/argentina\/wp-json\/wp\/v2\/posts\/106454","targetHints":{"allow":["GET"]}}],"collection":[{"href":"http:\/\/argentinamunicipal.com.ar\/argentina\/wp-json\/wp\/v2\/posts"}],"about":[{"href":"http:\/\/argentinamunicipal.com.ar\/argentina\/wp-json\/wp\/v2\/types\/post"}],"author":[{"embeddable":true,"href":"http:\/\/argentinamunicipal.com.ar\/argentina\/wp-json\/wp\/v2\/users\/2"}],"replies":[{"embeddable":true,"href":"http:\/\/argentinamunicipal.com.ar\/argentina\/wp-json\/wp\/v2\/comments?post=106454"}],"version-history":[{"count":0,"href":"http:\/\/argentinamunicipal.com.ar\/argentina\/wp-json\/wp\/v2\/posts\/106454\/revisions"}],"wp:featuredmedia":[{"embeddable":true,"href":"http:\/\/argentinamunicipal.com.ar\/argentina\/wp-json\/wp\/v2\/media\/106455"}],"wp:attachment":[{"href":"http:\/\/argentinamunicipal.com.ar\/argentina\/wp-json\/wp\/v2\/media?parent=106454"}],"wp:term":[{"taxonomy":"category","embeddable":true,"href":"http:\/\/argentinamunicipal.com.ar\/argentina\/wp-json\/wp\/v2\/categories?post=106454"},{"taxonomy":"post_tag","embeddable":true,"href":"http:\/\/argentinamunicipal.com.ar\/argentina\/wp-json\/wp\/v2\/tags?post=106454"}],"curies":[{"name":"wp","href":"https:\/\/api.w.org\/{rel}","templated":true}]}}