{"id":106488,"date":"2020-08-25T07:13:36","date_gmt":"2020-08-25T10:13:36","guid":{"rendered":"http:\/\/argentinamunicipal.com.ar\/argentina\/?p=106488"},"modified":"2020-08-25T07:13:36","modified_gmt":"2020-08-25T10:13:36","slug":"el-coronavirus-empujo-a-una-capa-de-la-clase-media-rosarina-hacia-la-subsistencia","status":"publish","type":"post","link":"http:\/\/argentinamunicipal.com.ar\/argentina\/el-coronavirus-empujo-a-una-capa-de-la-clase-media-rosarina-hacia-la-subsistencia\/","title":{"rendered":"El coronavirus empuj\u00f3 a una capa de la clase media rosarina hacia la subsistencia"},"content":{"rendered":"<p>Sectores que nunca necesitaron ayuda tienen que asistir a comedores, reciben subsidios estatales y se atienden en la salud p\u00fablica.<\/p>\n<p>La pandemia golpe\u00f3 duramente los bolsillos de la poblaci\u00f3n rosarina, y uno de los correlatos sociales de este fuerte impacto se grafica en el hecho de que las capas m\u00e1s fr\u00e1giles de la clase media se vieron empujadas a cambiar de h\u00e1bitos y costumbres, y recurrir a asistencias de modo in\u00e9dito, como quiz\u00e1s nunca hab\u00eda tenido que hacerlo en los \u00faltimos 20 a\u00f1os luego del estallido de la convertibilidad.<\/p>\n<p>Se trata de un sector de la poblaci\u00f3n que por la fuerza de las circunstancias econ\u00f3micas tuvo que volver a caminar buscando precios, cambiando el consumo centralizado en el supermercado por uno diversificado para obtener la mejor oferta. En los casos m\u00e1s dram\u00e1ticos, incluye a personas que quiz\u00e1s tuvieron que ir por primera vez a un comedor comunitario, mientras la canasta b\u00e1sica es cada vez m\u00e1s inalcanzable y pone en duda algo tan b\u00e1sico como la capacidad de procurarse un plato de comida (ver aparte).<\/p>\n<p>En este grupo de ca\u00eddos en la miseria tambi\u00e9n se cuentan personas de distintos rubros que se quedaron sin ingresos y tuvieron que improvisar para sobrevivir vendiendo todo tipo de productos, en especial comida casera; profesionales freelance y trabajadores cuentapropistas que son monotributistas y hoy reciben el Ingreso Familiar de Emergencia (IFE); y gente que se qued\u00f3 sin empleo y perdi\u00f3 la obra social sindical o ya no pudo pagar la prepaga y hoy recurre al sistema de salud p\u00fablico.<\/p>\n<p>En cuanto al IFE, en Santa Fe lo cobran 689.531 personas (248.760 en Rosario), de las cuales el 44 por ciento son hombres y el 56 por ciento mujeres. Si bien los datos brindados por la Ans\u00e9s indican que la gran mayor\u00eda de los beneficiarios son trabajadores informales o desocupados (421.829 mil personas, un 61,5 por ciento del total) tambi\u00e9n lo reciben 64.910 monotributistas de las categor\u00edas m\u00e1s bajas (A, B o social), que representan el 9,41 por ciento y son en su mayor\u00eda personas que no estaban habituadas a recibir este tipo de asistencia del Estado.<\/p>\n<p>Adem\u00e1s se incluyen 168.815 personas que perciben la Asignaci\u00f3n Universal por Hijo o por Embarazo (AUH o AUE); 18.858 trabajadoras de casas particulares y 7.676 titulares de Progresar. La ayuda llega al 31,1 por ciento de las personas que tienen entre 18 y 65 a\u00f1os, lo que representa al 44,4 por ciento de la poblaci\u00f3n econ\u00f3micamente activa.<\/p>\n<p>Respecto de las personas que debieron recurrir al sistema de salud estatal por quedarse sin cobertura, es un fen\u00f3meno que desde el municipio ya ven\u00edan notando desde antes de la pandemia. \u201cHa estado ingresando gente nueva desde principios de a\u00f1o. Es dif\u00edcil cuantificarlo comparativamente por el a\u00f1o pasado por la pandemia y el efecto que tuvo el aislamiento social en la primera etapa\u201d, reconoce Fernando Vignoni, director de Centros de Salud de Rosario.<\/p>\n<p>Sin embargo, afirma que s\u00ed notaron en el \u00faltimo tiempo, con el aumento de casos, que \u201cmuchas personas sintom\u00e1ticas se acercaban a la consulta y para poder acceder al hisopado porque habitualmente ten\u00edan un circuito en alg\u00fan sanatorio, prepaga u obra social de la seguridad social, pero le implicaba un pago que no pod\u00edan afrontar\u201d. As\u00ed, muchas personas tuvieron su primer contacto con la salud p\u00fablica a partir del Covid-19.<\/p>\n<p>Adem\u00e1s, resalt\u00f3 que \u201cmuchas personas que trabajan por cuenta propia y ten\u00edan un circuito de ingreso habitual, que no estaban acostumbradas a la asistencia del Estado, se acercaron a los centros de salud para informarse sobre c\u00f3mo acceder al IFE u otros programas\u201d. Esto se debi\u00f3, mayormente, a que la atenci\u00f3n primaria fue la \u00fanica instituci\u00f3n que estuvo abierta en el territorio en los comienzos de la pandemia.<\/p>\n<p><strong>La canasta no para de subir y lleg\u00f3 a los 67 mil pesos<\/strong><\/p>\n<p>El relevamiento de la canasta para la clase media que elabora una consultora local volvi\u00f3 a subir en julio. Seg\u00fan el estudio, una familia de rosarinos de ingresos medios necesit\u00f3 66.789 pesos para poder acceder a los productos y servicios b\u00e1sicos. Los resultados de la medici\u00f3n realizada por la asociaci\u00f3n de usuarios y consumidores Cesyac implican una suba del 1,20 por ciento respecto del mes anterior, con un fuerte componente de los alimentos, y un incremento interanual de 32,17 por ciento.<\/p>\n<p>El conjunto de los productos de consumo masivo (alimentaci\u00f3n, productos de higiene y aseo personal) cotiz\u00f3 21.569 pesos, mientras los servicios b\u00e1sicos para el hogar (alquiler, impuestos, servicios personales y de la vivienda, y transporte) sumaron 45.216 pesos.<\/p>\n<h6>Fuente: La Capital<\/h6>\n","protected":false},"excerpt":{"rendered":"<p>Sectores que nunca necesitaron ayuda tienen que asistir a comedores, reciben subsidios estatales y se atienden en la salud p\u00fablica.<\/p>\n","protected":false},"author":2,"featured_media":106489,"comment_status":"closed","ping_status":"closed","sticky":false,"template":"","format":"standard","meta":{"footnotes":""},"categories":[2],"tags":[10],"class_list":["post-106488","post","type-post","status-publish","format-standard","has-post-thumbnail","hentry","category-informe-municipal","tag-santa-fe"],"_links":{"self":[{"href":"http:\/\/argentinamunicipal.com.ar\/argentina\/wp-json\/wp\/v2\/posts\/106488","targetHints":{"allow":["GET"]}}],"collection":[{"href":"http:\/\/argentinamunicipal.com.ar\/argentina\/wp-json\/wp\/v2\/posts"}],"about":[{"href":"http:\/\/argentinamunicipal.com.ar\/argentina\/wp-json\/wp\/v2\/types\/post"}],"author":[{"embeddable":true,"href":"http:\/\/argentinamunicipal.com.ar\/argentina\/wp-json\/wp\/v2\/users\/2"}],"replies":[{"embeddable":true,"href":"http:\/\/argentinamunicipal.com.ar\/argentina\/wp-json\/wp\/v2\/comments?post=106488"}],"version-history":[{"count":0,"href":"http:\/\/argentinamunicipal.com.ar\/argentina\/wp-json\/wp\/v2\/posts\/106488\/revisions"}],"wp:featuredmedia":[{"embeddable":true,"href":"http:\/\/argentinamunicipal.com.ar\/argentina\/wp-json\/wp\/v2\/media\/106489"}],"wp:attachment":[{"href":"http:\/\/argentinamunicipal.com.ar\/argentina\/wp-json\/wp\/v2\/media?parent=106488"}],"wp:term":[{"taxonomy":"category","embeddable":true,"href":"http:\/\/argentinamunicipal.com.ar\/argentina\/wp-json\/wp\/v2\/categories?post=106488"},{"taxonomy":"post_tag","embeddable":true,"href":"http:\/\/argentinamunicipal.com.ar\/argentina\/wp-json\/wp\/v2\/tags?post=106488"}],"curies":[{"name":"wp","href":"https:\/\/api.w.org\/{rel}","templated":true}]}}