{"id":106597,"date":"2020-08-28T07:43:04","date_gmt":"2020-08-28T10:43:04","guid":{"rendered":"http:\/\/argentinamunicipal.com.ar\/argentina\/?p=106597"},"modified":"2020-08-28T07:43:04","modified_gmt":"2020-08-28T10:43:04","slug":"alberto-fernandez-viene-a-la-provincia-de-santa-fe-para-lanzar-un-acuerdo-por-la-hidrovia","status":"publish","type":"post","link":"http:\/\/argentinamunicipal.com.ar\/argentina\/alberto-fernandez-viene-a-la-provincia-de-santa-fe-para-lanzar-un-acuerdo-por-la-hidrovia\/","title":{"rendered":"Alberto Fern\u00e1ndez viene a la provincia de Santa Fe para lanzar un acuerdo por la Hidrov\u00eda"},"content":{"rendered":"<p>El presidente encabezar\u00e1 en Puerto San Mart\u00edn un acto del que participar\u00e1 Sergio Massa y seis gobernadores.<\/p>\n<p>El presidente Alberto Fern\u00e1ndez viajar\u00e1 este viernes a la provincia de Santa Fe, para participar en Puerto San Mart\u00edn de la firma del Acuerdo Federal Hidrov\u00eda junto al presidente de la C\u00e1mara de Diputados de la Naci\u00f3n, Sergio Massa, y a sesi gobernadores.<\/p>\n<p>A trav\u00e9s de este acuerdo,\u00a0el Gobierno nacional crear\u00e1 por decreto una empresa estatal, Hidrov\u00edas Sociedad del Estado, para controlar la concesi\u00f3n de los trabajos de mantenimiento y profundizaci\u00f3n de la v\u00eda navegable en el\u00a0r\u00edo Paran\u00e1.\u00a0As\u00ed lo confirmaron la semana pasada fuentes del Ministerio de Transporte.<\/p>\n<p>El decreto, seg\u00fan trascendi\u00f3, otorgar\u00e1 el 51% de las acciones a la Naci\u00f3n y el 49% de las provincias de Buenos Aires, Entre R\u00edos, Santa Fe, Corrientes, Chaco, Misiones y Formosa.<\/p>\n<p>Actualmente, estos trabajos est\u00e1n manos de la firma belga Jan de Nul, pero el contrato vence en mayo de 2021. De todos modos, dentro de la cartera de transporte se analiza prorrogarla por un a\u00f1o m\u00e1s.<\/p>\n<p>El gobierno pretende ampliar el \u00e1rea geogr\u00e1fica de la concesi\u00f3n, incluyendo el norte de Santa Fe y Chaco.\u00a0Tambi\u00e9n pretende avanzar sobre el Alto Paran\u00e1. La ampliaci\u00f3n, hasta la confluencia, permitir\u00e1 una integraci\u00f3n y utilizaci\u00f3n de los puertos de aguas arriba de la ciudad de Santa Fe, \u00abpropiciando un mayor desarrollo econ\u00f3mico para la regi\u00f3n y el pa\u00eds\u00bb, explicaron en tanto desde la provincia.<\/p>\n<p>Hacia el oc\u00e9ano, se buscar\u00e1 agregar a la concesi\u00f3n la construcci\u00f3n del canal Magdalena, una v\u00eda de ingreso al sistema de navegaci\u00f3n alternativa a la actual y \u00fanica (el canal Punta Indio) que pasa pr\u00e1cticamente enfrente del puerto de Montevideo.<\/p>\n<p>Desde la provincia explicaron que esto dar\u00e1 una alternativa al transporte terrestre menos costosa y ambientalmente m\u00e1s sustentable.<\/p>\n<p>Del acto, pactado para las 16, participar\u00e1n\u00a0los gobernadores Axel Kicillof (Buenos Aires), Omar Perotti (Santa Fe), Gustavo Vald\u00e9s (Corrientes), Gustavo Bordet (Entre R\u00edos), Jorge Capitanich (Chaco), Oscar Herrera Ahuad (Misiones) y Gildo Insfr\u00e1n (Formosa), inform\u00f3 la Casa Rosada.<\/p>\n<h6>Fuente: El Litoral<\/h6>\n","protected":false},"excerpt":{"rendered":"<p>El presidente encabezar\u00e1\u00a0en Puerto San Mart\u00edn un acto del que participar\u00e1\u00a0Sergio Massa y seis gobernadores.\u00a0<\/p>\n","protected":false},"author":2,"featured_media":106598,"comment_status":"closed","ping_status":"closed","sticky":false,"template":"","format":"standard","meta":{"footnotes":""},"categories":[2],"tags":[10],"class_list":["post-106597","post","type-post","status-publish","format-standard","has-post-thumbnail","hentry","category-informe-municipal","tag-santa-fe"],"_links":{"self":[{"href":"http:\/\/argentinamunicipal.com.ar\/argentina\/wp-json\/wp\/v2\/posts\/106597","targetHints":{"allow":["GET"]}}],"collection":[{"href":"http:\/\/argentinamunicipal.com.ar\/argentina\/wp-json\/wp\/v2\/posts"}],"about":[{"href":"http:\/\/argentinamunicipal.com.ar\/argentina\/wp-json\/wp\/v2\/types\/post"}],"author":[{"embeddable":true,"href":"http:\/\/argentinamunicipal.com.ar\/argentina\/wp-json\/wp\/v2\/users\/2"}],"replies":[{"embeddable":true,"href":"http:\/\/argentinamunicipal.com.ar\/argentina\/wp-json\/wp\/v2\/comments?post=106597"}],"version-history":[{"count":0,"href":"http:\/\/argentinamunicipal.com.ar\/argentina\/wp-json\/wp\/v2\/posts\/106597\/revisions"}],"wp:featuredmedia":[{"embeddable":true,"href":"http:\/\/argentinamunicipal.com.ar\/argentina\/wp-json\/wp\/v2\/media\/106598"}],"wp:attachment":[{"href":"http:\/\/argentinamunicipal.com.ar\/argentina\/wp-json\/wp\/v2\/media?parent=106597"}],"wp:term":[{"taxonomy":"category","embeddable":true,"href":"http:\/\/argentinamunicipal.com.ar\/argentina\/wp-json\/wp\/v2\/categories?post=106597"},{"taxonomy":"post_tag","embeddable":true,"href":"http:\/\/argentinamunicipal.com.ar\/argentina\/wp-json\/wp\/v2\/tags?post=106597"}],"curies":[{"name":"wp","href":"https:\/\/api.w.org\/{rel}","templated":true}]}}