{"id":106632,"date":"2020-08-31T06:58:08","date_gmt":"2020-08-31T09:58:08","guid":{"rendered":"http:\/\/argentinamunicipal.com.ar\/argentina\/?p=106632"},"modified":"2020-08-31T06:58:08","modified_gmt":"2020-08-31T09:58:08","slug":"la-deuda-de-la-provincia-de-cordoba-ya-supero-los-200-mil-millones","status":"publish","type":"post","link":"http:\/\/argentinamunicipal.com.ar\/argentina\/la-deuda-de-la-provincia-de-cordoba-ya-supero-los-200-mil-millones\/","title":{"rendered":"La deuda de la Provincia de C\u00f3rdoba ya super\u00f3 los $ 200 mil millones"},"content":{"rendered":"<p>Finanzas Provinciales. El pasivo creci\u00f3 en julio por impacto del d\u00f3lar y por el pr\u00e9stamo de la Naci\u00f3n para atender la emergencia sanitaria.<\/p>\n<p>La deuda de la Provincia de C\u00f3rdoba traspas\u00f3 la barrera de los 200 mil millones de pesos para totalizar 202.921 millones, un 69,2 por ciento m\u00e1s que hace un a\u00f1o.<\/p>\n<p>Los datos est\u00e1n actualizados al 31 de julio y fueron publicados este fin de semana por el Ministerio de Finanzas provincial.<\/p>\n<p>De acuerdo con la informaci\u00f3n de la Direcci\u00f3n de Uso de Cr\u00e9dito y Deuda P\u00fablica, del total del rojo cordob\u00e9s, el 88,6 por ciento corresponde a pasivo contra\u00eddo en moneda extranjera, un porcentaje que ha venido bajando en los \u00faltimos meses a partir de que toda la nueva deuda ha sido tomada en pesos y, a la vez, se fueron cancelando pagos en d\u00f3lares.<\/p>\n<p>En 2019, la Provincia lleg\u00f3 a deber en \u201cmoneda dura\u201d (d\u00f3lares, euros y dinares kuwait\u00edes) m\u00e1s del 95 por ciento del stock.<\/p>\n<p>Analizando los n\u00fameros de julio, se puede ver que se produjo un incremento de algo m\u00e1s de seis mil millones de pesos respecto del mes anterior.<\/p>\n<p>La suba se explica por dos v\u00edas. Por un lado, por la devaluaci\u00f3n del peso; por otro, por la incorporaci\u00f3n en el c\u00f3mputo del stock el segundo desembolso (de 2.300 millones de pesos) de un total de 4.800 millones que la Naci\u00f3n acord\u00f3 prestarle a la Provincia para hacer frente a las graves complicaciones derivadas de la pandemia de Covid-19.<\/p>\n<p>Se trata del cr\u00e9dito blando del llamado Fondo Fiduciario para el Desarrollo Provincial a devolver en 36 cuotas mensuales y con seis meses de gracia.<\/p>\n<p>Puntualmente por el aumento del d\u00f3lar mayorista de julio, que subi\u00f3 un 2,55 por ciento (de 70,52 a 72,32 pesos), el stock se increment\u00f3 en poco m\u00e1s de 3.637 millones de pesos.<\/p>\n<p>Canje en proceso<\/p>\n<p>Por estos d\u00edas, la administraci\u00f3n de Juan Schiaretti est\u00e1 abocada a dos cosas: atender la crisis sanitaria y econ\u00f3mica derivada de la pandemia de coronavirus y, en paralelo, negociar con los tenedores de t\u00edtulos una reestructuraci\u00f3n.<\/p>\n<p>La Provincia busca fundamentalmente aplanar la curva de vencimientos de deuda en d\u00f3lares porque en 2021 tiene un verdadero cuello de botella. Se trata del vencimiento del capital del PDCAR21 emitido en 2016 por 725 millones de d\u00f3lares.<\/p>\n<p>Los otros dos que entran en la negociaci\u00f3n con los tenedores son el PDCAR24 y el PDCAR27, por 510 millones y 450 millones, respectivamente.<\/p>\n<p>Los tres totalizan 1.685 millones de d\u00f3lares y est\u00e1n bajo la modalidad denominada \u201cley extranjera\u201d, lo que significa que cualquier pleito que pudiera surgir se debe dirimir en tribunales de Nueva York.<\/p>\n<p>El mayor problema se plantea en 2021, ya que los 725 millones de d\u00f3lares deber\u00edan pagarse en junio del a\u00f1o que viene. Al tipo de cambio oficial del viernes, se trata de m\u00e1s de 53 mil millones de pesos, un monto imposible de afrontar sin un canje por otro t\u00edtulo.<\/p>\n<p>A diferencia de la Naci\u00f3n,\u00a0 la Provincia no apunta a una quita de capital ni de intereses, sino a un aplanamiento de los vencimientos m\u00e1s pr\u00f3ximos y, de ser posible, a una tasa menor que el 7,125 por ciento anual en d\u00f3lares al que obtuvo el PDCAR21 y el PDCAR27, y que el 7,45 por ciento del PDCAR24.<\/p>\n<p>Adem\u00e1s, la Provincia tiene otro \u201cgran t\u00edtulo\u201d en d\u00f3lares que deber\u00e1 refinanciar en el futuro. Se trata del CO26D por 300 millones que fue emitido en 2016. Paga intereses y parte del capital en forma trimestral y es el \u00fanico de los \u201cgrandes\u201d bajo ley argentina.<\/p>\n<p>Respecto de la suba de la deuda, desde la Provincia argumentan que, a diferencia de otros distritos, que la usaron para gasto corriente, C\u00f3rdoba la destin\u00f3 a refinanciar deuda vieja y para infraestructura.<\/p>\n<h6>Fuente: La Voz<\/h6>\n","protected":false},"excerpt":{"rendered":"<p>Finanzas Provinciales. El pasivo creci\u00f3 en julio por impacto del d\u00f3lar y por el pr\u00e9stamo de la Naci\u00f3n para atender la emergencia sanitaria.<\/p>\n","protected":false},"author":2,"featured_media":106633,"comment_status":"closed","ping_status":"closed","sticky":false,"template":"","format":"standard","meta":{"footnotes":""},"categories":[65],"tags":[3],"class_list":["post-106632","post","type-post","status-publish","format-standard","has-post-thumbnail","hentry","category-provincias","tag-cordoba"],"_links":{"self":[{"href":"http:\/\/argentinamunicipal.com.ar\/argentina\/wp-json\/wp\/v2\/posts\/106632","targetHints":{"allow":["GET"]}}],"collection":[{"href":"http:\/\/argentinamunicipal.com.ar\/argentina\/wp-json\/wp\/v2\/posts"}],"about":[{"href":"http:\/\/argentinamunicipal.com.ar\/argentina\/wp-json\/wp\/v2\/types\/post"}],"author":[{"embeddable":true,"href":"http:\/\/argentinamunicipal.com.ar\/argentina\/wp-json\/wp\/v2\/users\/2"}],"replies":[{"embeddable":true,"href":"http:\/\/argentinamunicipal.com.ar\/argentina\/wp-json\/wp\/v2\/comments?post=106632"}],"version-history":[{"count":0,"href":"http:\/\/argentinamunicipal.com.ar\/argentina\/wp-json\/wp\/v2\/posts\/106632\/revisions"}],"wp:featuredmedia":[{"embeddable":true,"href":"http:\/\/argentinamunicipal.com.ar\/argentina\/wp-json\/wp\/v2\/media\/106633"}],"wp:attachment":[{"href":"http:\/\/argentinamunicipal.com.ar\/argentina\/wp-json\/wp\/v2\/media?parent=106632"}],"wp:term":[{"taxonomy":"category","embeddable":true,"href":"http:\/\/argentinamunicipal.com.ar\/argentina\/wp-json\/wp\/v2\/categories?post=106632"},{"taxonomy":"post_tag","embeddable":true,"href":"http:\/\/argentinamunicipal.com.ar\/argentina\/wp-json\/wp\/v2\/tags?post=106632"}],"curies":[{"name":"wp","href":"https:\/\/api.w.org\/{rel}","templated":true}]}}