{"id":106662,"date":"2020-08-31T07:39:57","date_gmt":"2020-08-31T10:39:57","guid":{"rendered":"http:\/\/argentinamunicipal.com.ar\/argentina\/?p=106662"},"modified":"2020-08-31T07:39:57","modified_gmt":"2020-08-31T10:39:57","slug":"cabandie-cuestiono-a-la-justicia-federal-de-parana-por-los-incendios-en-las-islas","status":"publish","type":"post","link":"http:\/\/argentinamunicipal.com.ar\/argentina\/cabandie-cuestiono-a-la-justicia-federal-de-parana-por-los-incendios-en-las-islas\/","title":{"rendered":"Cabandi\u00e9 cuestion\u00f3 a la Justicia Federal de Paran\u00e1 por los incendios en las islas"},"content":{"rendered":"<p>\u00ab\u00bfPara d\u00f3nde est\u00e1 mirando la Justicia federal con asiento en Paran\u00e1? Apagamos el fuego y a los pocos d\u00edas lo vuelven a prender\u00bb, se quej\u00f3 el ministro de Ambiente de la Naci\u00f3n.<\/p>\n<p>El ministro de Ambiente y Desarrollo Sostenible de la Naci\u00f3n, Juan Cabandi\u00e9, cuestion\u00f3 a la Justicia Federal de Paran\u00e1 por su actuaci\u00f3n frente a las quemas de pastizales en el Delta del Paran\u00e1, y afirm\u00f3: \u00abEl juez federal Alonso no est\u00e1 actuando\u00bb.<\/p>\n<p>\u00ab\u00bfPara d\u00f3nde est\u00e1 mirando la Justicia federal con asiento en Paran\u00e1? Apagamos el fuego y a los pocos d\u00edas lo vuelven a prender. El juez federal Alonso no est\u00e1 actuando. Debe apresar urgente a los responsables del ecocidio. El lugar de cada uno de ellos es la c\u00e1rcel\u00bb, escribi\u00f3 el ministro a trav\u00e9s de su cuenta de Twitter.<\/p>\n<p>De esta manera, Cabandi\u00e9 se refiri\u00f3 al juez federal de Paran\u00e1, Daniel Edgardo Alonso, quien a principios de julio determin\u00f3, mediante una medida cautelar, la prohibici\u00f3n de la quema de pastizales y de otras acciones humanas \u00abcon capacidad para alterar el medio ambiente\u00bb. Pese a ello, las quemas en las islas continuaron durante estos meses.<\/p>\n<p>Tal como public\u00f3 d\u00edas atr\u00e1s\u00a0La Capital, en la Justicia Penal de Paran\u00e1\u00a0se tramitan por lo menos seis denuncias contra los due\u00f1os de los campos donde se produjeron las quemas, pero adem\u00e1s\u00a0hay otra presentaci\u00f3n en la fiscal\u00eda de Rosario; y otras cuatro causas civiles que la Corte Suprema de Justicia de la Naci\u00f3n ordenar\u00e1 unificar.<\/p>\n<p>&gt;&gt; Leer m\u00e1s:\u00a0La batalla legal por las quemas en las islas ya suma m\u00e1s de diez causas<\/p>\n<p>Ayer, Cabandi\u00e9 tambi\u00e9n se manifest\u00f3 sobre el tema al afirmar que \u00abel 95% de los incendios son intencionales\u00bb y que frente a ello \u00abes fundamental que la Justicia federal aprese a los responsables\u00bb.<\/p>\n<p>El ministro estuvo ayer en Entre R\u00edos junto al gobernador Gustavo Bordet, donde firmaron un acta para la implementaci\u00f3n de un Faro de Conservaci\u00f3n para el cuidado y conservaci\u00f3n del Delta del Paran\u00e1, y la detecci\u00f3n temprana, prevenci\u00f3n y disuasi\u00f3n de incendios.<\/p>\n<p>\u00abEl primero (de los faros) es en Puerto Gaboto, lo hemos inaugurado con el gobernador de Santa Fe, Omar Perotti hace 15 d\u00edas. Este es el segundo, aspiramos a poder inaugurar en algunos d\u00edas m\u00e1s el tercero, que va a ser en la isla Charig\u00fc\u00e9 y el cuarto seguramente en Villa Constituci\u00f3n\u00bb, dijo Cabandi\u00e9. A mediados de mes, el ministro puso en marcha en Puerto Gaboto su proyecto para instalar siete Faros de Conservaci\u00f3n para controlar, con guardaparques, los incendios en las islas. En un acto realizado en esa localidad se firmaron los acuerdos para comenzar esa tarea. Frente a Rosario tambi\u00e9n habr\u00e1 un faro: ser\u00e1 en la zona del Charig\u00fc\u00e9.<\/p>\n<h6>Fuente: La Capital<\/h6>\n","protected":false},"excerpt":{"rendered":"<p>\u00ab\u00bfPara d\u00f3nde est\u00e1 mirando la Justicia federal con asiento en Paran\u00e1? Apagamos el fuego y a los pocos d\u00edas lo vuelven a prender\u00bb, se quej\u00f3 el ministro de Ambiente de la Naci\u00f3n.<\/p>\n","protected":false},"author":2,"featured_media":106663,"comment_status":"closed","ping_status":"closed","sticky":false,"template":"","format":"standard","meta":{"footnotes":""},"categories":[2],"tags":[10],"class_list":["post-106662","post","type-post","status-publish","format-standard","has-post-thumbnail","hentry","category-informe-municipal","tag-santa-fe"],"_links":{"self":[{"href":"http:\/\/argentinamunicipal.com.ar\/argentina\/wp-json\/wp\/v2\/posts\/106662","targetHints":{"allow":["GET"]}}],"collection":[{"href":"http:\/\/argentinamunicipal.com.ar\/argentina\/wp-json\/wp\/v2\/posts"}],"about":[{"href":"http:\/\/argentinamunicipal.com.ar\/argentina\/wp-json\/wp\/v2\/types\/post"}],"author":[{"embeddable":true,"href":"http:\/\/argentinamunicipal.com.ar\/argentina\/wp-json\/wp\/v2\/users\/2"}],"replies":[{"embeddable":true,"href":"http:\/\/argentinamunicipal.com.ar\/argentina\/wp-json\/wp\/v2\/comments?post=106662"}],"version-history":[{"count":0,"href":"http:\/\/argentinamunicipal.com.ar\/argentina\/wp-json\/wp\/v2\/posts\/106662\/revisions"}],"wp:featuredmedia":[{"embeddable":true,"href":"http:\/\/argentinamunicipal.com.ar\/argentina\/wp-json\/wp\/v2\/media\/106663"}],"wp:attachment":[{"href":"http:\/\/argentinamunicipal.com.ar\/argentina\/wp-json\/wp\/v2\/media?parent=106662"}],"wp:term":[{"taxonomy":"category","embeddable":true,"href":"http:\/\/argentinamunicipal.com.ar\/argentina\/wp-json\/wp\/v2\/categories?post=106662"},{"taxonomy":"post_tag","embeddable":true,"href":"http:\/\/argentinamunicipal.com.ar\/argentina\/wp-json\/wp\/v2\/tags?post=106662"}],"curies":[{"name":"wp","href":"https:\/\/api.w.org\/{rel}","templated":true}]}}