{"id":106733,"date":"2020-09-02T07:23:53","date_gmt":"2020-09-02T10:23:53","guid":{"rendered":"http:\/\/argentinamunicipal.com.ar\/argentina\/?p=106733"},"modified":"2020-09-02T07:23:53","modified_gmt":"2020-09-02T10:23:53","slug":"los-medicos-de-santa-fe-vuelven-al-paro-y-advierten-nuestra-gente-esta-agotada-y-se-esta-cayendo","status":"publish","type":"post","link":"http:\/\/argentinamunicipal.com.ar\/argentina\/los-medicos-de-santa-fe-vuelven-al-paro-y-advierten-nuestra-gente-esta-agotada-y-se-esta-cayendo\/","title":{"rendered":"Los m\u00e9dicos de Santa Fe vuelven al paro y advierten: \u00abNuestra gente est\u00e1 agotada y se est\u00e1 cayendo\u00bb"},"content":{"rendered":"<p>Los profesionales nucleados en la Asociaci\u00f3n de M\u00e9dicos de la Rep\u00fablica Argentina (Amra) lanzaron un paro de 48 horas para mi\u00e9rcoles y jueves. Quieren discutir salarios y advierten un panorama desolador para lo que resta del a\u00f1o.<\/p>\n<p>Los m\u00e9dicos nucleados en la Asociaci\u00f3n de M\u00e9dico de la Rep\u00fablica Argentina (Amra) lanzaron un nuevo paro, esta vez por 48 horas para mi\u00e9rcoles y jueves, para revelar el agotamiento del personal de salud en el marco de la pandemia y reclamar un nuevo llamado para discutir salarios. \u00abNuestra gente est\u00e1 agotada y se est\u00e1 cayendo\u00bb, advirtieron.<\/p>\n<p>El gremio de los m\u00e9dicos profundiza la medida de fuerza que realiz\u00f3 la semana pasada y que hab\u00eda sido por 24 horas<\/p>\n<p>\u201cLamentablemente estamos otra vez de paro, esta vez por 48 horas, dentro de nuestra cuarta semana de medidas, la cual ser\u00e1 sin asistencia a lugar de trabajo con mantenimiento de guardias m\u00ednimas y testeos Covid-19\u201d, detall\u00f3 la secretaria general del gremio, Sandra Maiorana, quien agreg\u00f3: \u201cEstamos muy preocupados porque nuestros m\u00e9dicos no han tenido aumentos en todo el a\u00f1o\u201d.<\/p>\n<p>En ese marco,\u00a0Maiorana asegur\u00f3 que hay muchos profesionales de la salud con parte por estr\u00e9s, propio del desgaste y la incertidumbre que provoca la pandemia\u00a0del coronavirus junto al resto de las patolog\u00edas habituales.<\/p>\n<p>\u201cLas camas y los respiradores est\u00e1n, pero no vamos a tener a la gente porque est\u00e1 agotada y se est\u00e1 cayendo. Por eso necesitamos urgente la protecci\u00f3n en salud porque no se consiguen reemplazos. Tenemos a un grupo de salud que no tuvo vacaciones porque le dicen que no se pueden pagar los reemplazos, entonces no se las dan\u201d, denunci\u00f3 la sindicalista en declaraciones a la emisora LT8 de Rosario.<\/p>\n<p>Maiorana indic\u00f3 adem\u00e1s que el gremio realiz\u00f3 una presentaci\u00f3n en ambas C\u00e1maras para exigir una convocatoria a una nueva mesa de negociaci\u00f3n salarial, la cual debe ser llamada por el Poder Ejecutivo y \u201cnunca se constituy\u00f3\u201d.<\/p>\n<p>\u201cHicimos una presentaci\u00f3n en ambas C\u00e1maras para que exijan la convocatoria\u00a0y env\u00eden un representante con la comisi\u00f3n conciliadora, ya que para nosotros la negociaci\u00f3n no debe ser algo impuesto\u201d, insisti\u00f3.<\/p>\n<p>Y concluy\u00f3 con que \u201cla gente de planta no ha tenido aumento en todo el a\u00f1o, y en la provincia somos los \u00fanicos que no estamos diferenciados dentro de los c\u00f3mputos de jubilaci\u00f3n como lo tienen los maestros y la polic\u00eda\u201d.<\/p>\n<h6>Fuente: Uno<\/h6>\n<p>&nbsp;<\/p>\n<p>&nbsp;<\/p>\n","protected":false},"excerpt":{"rendered":"<p>Los profesionales nucleados en la Asociaci\u00f3n de M\u00e9dicos de la Rep\u00fablica Argentina (Amra) lanzaron un paro de 48 horas para mi\u00e9rcoles y jueves. Quieren discutir salarios y advierten un panorama desolador para lo que resta del a\u00f1o.<\/p>\n","protected":false},"author":2,"featured_media":106734,"comment_status":"closed","ping_status":"closed","sticky":false,"template":"","format":"standard","meta":{"footnotes":""},"categories":[2],"tags":[10],"class_list":["post-106733","post","type-post","status-publish","format-standard","has-post-thumbnail","hentry","category-informe-municipal","tag-santa-fe"],"_links":{"self":[{"href":"http:\/\/argentinamunicipal.com.ar\/argentina\/wp-json\/wp\/v2\/posts\/106733","targetHints":{"allow":["GET"]}}],"collection":[{"href":"http:\/\/argentinamunicipal.com.ar\/argentina\/wp-json\/wp\/v2\/posts"}],"about":[{"href":"http:\/\/argentinamunicipal.com.ar\/argentina\/wp-json\/wp\/v2\/types\/post"}],"author":[{"embeddable":true,"href":"http:\/\/argentinamunicipal.com.ar\/argentina\/wp-json\/wp\/v2\/users\/2"}],"replies":[{"embeddable":true,"href":"http:\/\/argentinamunicipal.com.ar\/argentina\/wp-json\/wp\/v2\/comments?post=106733"}],"version-history":[{"count":0,"href":"http:\/\/argentinamunicipal.com.ar\/argentina\/wp-json\/wp\/v2\/posts\/106733\/revisions"}],"wp:featuredmedia":[{"embeddable":true,"href":"http:\/\/argentinamunicipal.com.ar\/argentina\/wp-json\/wp\/v2\/media\/106734"}],"wp:attachment":[{"href":"http:\/\/argentinamunicipal.com.ar\/argentina\/wp-json\/wp\/v2\/media?parent=106733"}],"wp:term":[{"taxonomy":"category","embeddable":true,"href":"http:\/\/argentinamunicipal.com.ar\/argentina\/wp-json\/wp\/v2\/categories?post=106733"},{"taxonomy":"post_tag","embeddable":true,"href":"http:\/\/argentinamunicipal.com.ar\/argentina\/wp-json\/wp\/v2\/tags?post=106733"}],"curies":[{"name":"wp","href":"https:\/\/api.w.org\/{rel}","templated":true}]}}