{"id":106751,"date":"2020-09-02T07:48:09","date_gmt":"2020-09-02T10:48:09","guid":{"rendered":"http:\/\/argentinamunicipal.com.ar\/argentina\/?p=106751"},"modified":"2020-09-02T07:48:09","modified_gmt":"2020-09-02T10:48:09","slug":"en-un-ano-las-quemas-de-pastizales-aumentaron-mas-de-120-por-ciento-en-santa-fe","status":"publish","type":"post","link":"http:\/\/argentinamunicipal.com.ar\/argentina\/en-un-ano-las-quemas-de-pastizales-aumentaron-mas-de-120-por-ciento-en-santa-fe\/","title":{"rendered":"En un a\u00f1o las quemas de pastizales aumentaron m\u00e1s de 120 por ciento en Santa Fe"},"content":{"rendered":"<p>En 2019, entre enero y agosto tuvieron lugar 520 focos \u00edgneos. Un a\u00f1o despu\u00e9s, en el mismo per\u00edodo, las cifras alcanzaron los 1.206 incendios.<\/p>\n<p>Para dar cuenta de la magnitud de las quemas de pastizales en Santa Fe y las localidades aleda\u00f1as -Rinc\u00f3n, Santo Tom\u00e9, entre otras- un dato representativo es que el a\u00f1o pasado, entre enero y agosto, se reportaron\u00a0520 incendios. Este a\u00f1o esa cifra se duplic\u00f3 y en los primeros ocho meses del 2020 ocurrieron\u00a01.206 focos \u00edgneos, seg\u00fan datos de la Agrupaci\u00f3n Bomberos de Santa Fe.<\/p>\n<p>En la comparaci\u00f3n interanual de un invierno al otro, en el 2020 se contabilizan entre junio y agosto 526 incendios. Mientras que el invierno pasado, en los mismos meses se ocasionaron 266, es decir que la\u00a0problem\u00e1tica se duplic\u00f3.<\/p>\n<p>En los meses de verano, la otra temporada del a\u00f1o en que las altas temperaturas aceleran las posibilidades de incendios, este a\u00f1o se registraron 511; y en 2019, entre enero y marzo, los bomberos contaron 165, por lo que el incremento fue del\u00a0209 por ciento\u00a0de un verano al otro.<\/p>\n<p>Algunas de las \u00e1reas donde m\u00e1s se registran incendios son: la Circunvalaci\u00f3n Oeste; la zona del Puente Carretero; el barrio El Pozo y sus alrededores; el cord\u00f3n Norte de la ciudad \u2014franja verde entre General Paz y El Chaquito\u2014, y los terrenos cercanos al Mercado de Abasto; tambi\u00e9n en Santo Tom\u00e9 entre la Autopista y la Ruta 19; lo mismo pasa en San Jos\u00e9 del Rinc\u00f3n y a la vera de la Ruta 168, camino a Paran\u00e1.<\/p>\n<p>Al respecto el jefe de Bomberos, Claudio Arias, opin\u00f3: \u201cEval\u00fao la condici\u00f3n clim\u00e1tica porque estamos atravesando\u00a0una sequ\u00eda importante\u00a0que hace muchos a\u00f1os no se daba, es m\u00e1s, ya se ha caratulado como \u2018sequ\u00eda hist\u00f3rica\u2019 y eso influye en la falta de humedad de las pasturas; por lo que toda la vegetaci\u00f3n que vemos es como el papel, por lo que cualquier de llama o brasa genera incendios\u201d.<\/p>\n<p>\u201cCuando est\u00e1bamos en aislamiento hubo una merma en los incendios y cuando pasamos a la fase de distanciamiento se dispararon los n\u00fameros de quemas. Esto muestra que son\u00a0intencionales y causados por el ser humano\u201c, destac\u00f3 Arias.<\/p>\n<h6>Fuente: Sin Mordaza<\/h6>\n","protected":false},"excerpt":{"rendered":"<p>En 2019, entre enero y agosto tuvieron lugar 520 focos \u00edgneos. Un a\u00f1o despu\u00e9s, en el mismo per\u00edodo, las cifras alcanzaron los 1.206 incendios.\u00a0<\/p>\n","protected":false},"author":2,"featured_media":106753,"comment_status":"closed","ping_status":"closed","sticky":false,"template":"","format":"standard","meta":{"footnotes":""},"categories":[2],"tags":[10],"class_list":["post-106751","post","type-post","status-publish","format-standard","has-post-thumbnail","hentry","category-informe-municipal","tag-santa-fe"],"_links":{"self":[{"href":"http:\/\/argentinamunicipal.com.ar\/argentina\/wp-json\/wp\/v2\/posts\/106751","targetHints":{"allow":["GET"]}}],"collection":[{"href":"http:\/\/argentinamunicipal.com.ar\/argentina\/wp-json\/wp\/v2\/posts"}],"about":[{"href":"http:\/\/argentinamunicipal.com.ar\/argentina\/wp-json\/wp\/v2\/types\/post"}],"author":[{"embeddable":true,"href":"http:\/\/argentinamunicipal.com.ar\/argentina\/wp-json\/wp\/v2\/users\/2"}],"replies":[{"embeddable":true,"href":"http:\/\/argentinamunicipal.com.ar\/argentina\/wp-json\/wp\/v2\/comments?post=106751"}],"version-history":[{"count":0,"href":"http:\/\/argentinamunicipal.com.ar\/argentina\/wp-json\/wp\/v2\/posts\/106751\/revisions"}],"wp:featuredmedia":[{"embeddable":true,"href":"http:\/\/argentinamunicipal.com.ar\/argentina\/wp-json\/wp\/v2\/media\/106753"}],"wp:attachment":[{"href":"http:\/\/argentinamunicipal.com.ar\/argentina\/wp-json\/wp\/v2\/media?parent=106751"}],"wp:term":[{"taxonomy":"category","embeddable":true,"href":"http:\/\/argentinamunicipal.com.ar\/argentina\/wp-json\/wp\/v2\/categories?post=106751"},{"taxonomy":"post_tag","embeddable":true,"href":"http:\/\/argentinamunicipal.com.ar\/argentina\/wp-json\/wp\/v2\/tags?post=106751"}],"curies":[{"name":"wp","href":"https:\/\/api.w.org\/{rel}","templated":true}]}}