{"id":106829,"date":"2020-09-04T07:38:27","date_gmt":"2020-09-04T10:38:27","guid":{"rendered":"http:\/\/argentinamunicipal.com.ar\/argentina\/?p=106829"},"modified":"2020-09-04T07:38:27","modified_gmt":"2020-09-04T10:38:27","slug":"localidades-de-la-provincia-de-santa-fe-participan-del-programa-internacional-30-dias-en-bici","status":"publish","type":"post","link":"http:\/\/argentinamunicipal.com.ar\/argentina\/localidades-de-la-provincia-de-santa-fe-participan-del-programa-internacional-30-dias-en-bici\/","title":{"rendered":"Localidades de la provincia de Santa Fe participan del programa internacional \u00ab30 D\u00edas en Bici\u00bb"},"content":{"rendered":"<p>Villa Elo\u00edsa, Ca\u00f1ada de G\u00f3mez y Santa Fe intervienen en la campa\u00f1a que promociona el uso de la bicicleta como medio de movilidad sustentable durante septiembre<\/p>\n<p>Villa Elo\u00edsa, Ca\u00f1ada de G\u00f3mez y Santa Fe son las localidades de la provincia que forman parte de la iniciativa \u00ab30 D\u00edas en Bici\u00bb, que se desarrolla durante todo el mes de septiembre. La finalidad de esta campa\u00f1a de alcance internacional es promocionar el uso de la bicicleta, un medio de transporte que contribuye a la movilidad sustentable y a la salud. Adem\u00e1s, la bicicleta evita la interacci\u00f3n de las personas durante los desplazamientos, reduciendo de esta manera la posibilidad de contagios de coronavirus en estos tiempos de pandemia.<\/p>\n<p>El prop\u00f3sito de utilizar la bicicleta durante los 30 d\u00edas de septiembre apunta a crear el h\u00e1bito de su uso, ya sea para ir al trabajo o al colegio, hacer las compras, realizar tr\u00e1mites o dar un paseo. Aparte, la propia Organizaci\u00f3n Mundial de la Salud recomienda trasladarse en bici en tiempos de Covid-19 ya que por las caracter\u00edsticas del rodado se minimiza la interacci\u00f3n de las personas en los desplazamientos, y por tanto se convierte en un arma efectiva para combatir la diseminaci\u00f3n del virus.<\/p>\n<p>Villa Elo\u00edsa, Ca\u00f1ada de G\u00f3mez y Santa Fe adhieren a esta movida internacional, siendo parte de las 30 localidades argentinas que apoyan el proyecto.\u00a0En el mundo son alrededor de 80 ciudades\u00a0las que participan, de pa\u00edses tales como Espa\u00f1a, Estados Unidos, Francia, Italia, y otros de Latinoam\u00e9rica: Venezuela, Colombia, M\u00e9xico, Cuba, Costa Rica) y Lima (Peru).<\/p>\n<p>La pe\u00f1a cicl\u00edstica Correcaminos Villa Bikes,\u00a0integrada por Gerardo Giandana, Sebasti\u00e1n Mancinelli y Alejandro Antinori, son los impulsores en Villa Elo\u00edsa y Ca\u00f1ada de G\u00f3mez de esta nueva edici\u00f3n de \u00ab30 D\u00edas en Bici\u00bb y quienes promocionan el programa en la regi\u00f3n.<\/p>\n<p>\u00abPromovemos el uso diario y cotidiano de la bicicleta como elemento de movilidad personal en la ciudad. 30 D\u00edas en Bici es una campa\u00f1a anual,\u00a0una herramienta de cambio urbano\u00a0y una comunidad viva y creciente de alegres ciclistas en las redes y en las calles de ciudades de toda Espa\u00f1a y Latinoam\u00e9rica\u00bb, indica la organizaci\u00f3n civil espa\u00f1ola 30DEB, creadora del proyecto, en su p\u00e1gina web www.30diasenbici.com.<\/p>\n<p>La campa\u00f1a \u00ab30 D\u00edas en Bici\u00bb\u00a0surgi\u00f3 en 2013\u00a0por impulso de un grupo espa\u00f1ol encabezado por Carlos Rodr\u00edguez, inspirado en 30 Days of Biking, nacido en 2010 en Minneapolis (Estados Unidos).<\/p>\n<h6>Fuente: La Capital<\/h6>\n","protected":false},"excerpt":{"rendered":"<p>Villa Elo\u00edsa, Ca\u00f1ada de G\u00f3mez y Santa Fe intervienen en la campa\u00f1a que promociona el uso de la bicicleta como medio de movilidad sustentable durante septiembre<\/p>\n","protected":false},"author":2,"featured_media":106830,"comment_status":"closed","ping_status":"closed","sticky":false,"template":"","format":"standard","meta":{"footnotes":""},"categories":[2],"tags":[10],"class_list":["post-106829","post","type-post","status-publish","format-standard","has-post-thumbnail","hentry","category-informe-municipal","tag-santa-fe"],"_links":{"self":[{"href":"http:\/\/argentinamunicipal.com.ar\/argentina\/wp-json\/wp\/v2\/posts\/106829","targetHints":{"allow":["GET"]}}],"collection":[{"href":"http:\/\/argentinamunicipal.com.ar\/argentina\/wp-json\/wp\/v2\/posts"}],"about":[{"href":"http:\/\/argentinamunicipal.com.ar\/argentina\/wp-json\/wp\/v2\/types\/post"}],"author":[{"embeddable":true,"href":"http:\/\/argentinamunicipal.com.ar\/argentina\/wp-json\/wp\/v2\/users\/2"}],"replies":[{"embeddable":true,"href":"http:\/\/argentinamunicipal.com.ar\/argentina\/wp-json\/wp\/v2\/comments?post=106829"}],"version-history":[{"count":0,"href":"http:\/\/argentinamunicipal.com.ar\/argentina\/wp-json\/wp\/v2\/posts\/106829\/revisions"}],"wp:featuredmedia":[{"embeddable":true,"href":"http:\/\/argentinamunicipal.com.ar\/argentina\/wp-json\/wp\/v2\/media\/106830"}],"wp:attachment":[{"href":"http:\/\/argentinamunicipal.com.ar\/argentina\/wp-json\/wp\/v2\/media?parent=106829"}],"wp:term":[{"taxonomy":"category","embeddable":true,"href":"http:\/\/argentinamunicipal.com.ar\/argentina\/wp-json\/wp\/v2\/categories?post=106829"},{"taxonomy":"post_tag","embeddable":true,"href":"http:\/\/argentinamunicipal.com.ar\/argentina\/wp-json\/wp\/v2\/tags?post=106829"}],"curies":[{"name":"wp","href":"https:\/\/api.w.org\/{rel}","templated":true}]}}