{"id":106865,"date":"2020-09-07T05:43:03","date_gmt":"2020-09-07T08:43:03","guid":{"rendered":"http:\/\/argentinamunicipal.com.ar\/argentina\/?p=106865"},"modified":"2020-09-06T19:45:05","modified_gmt":"2020-09-06T22:45:05","slug":"somos-la-escuela-publica","status":"publish","type":"post","link":"http:\/\/argentinamunicipal.com.ar\/argentina\/somos-la-escuela-publica\/","title":{"rendered":"Somos la escuela p\u00fablica"},"content":{"rendered":"<p>La educaci\u00f3n es un derecho social que debe ser garantizado por un Estado que se haga cargo de la conectividad y el di\u00e1logo.<\/p>\n<p>Por Mariana Caballero \/ profesora en Ciencias de la Educaci\u00f3n<\/p>\n<p>Sin campana, sin recreo y sin guardapolvos. Despojada de viejos ritos, la\u00a0escuela\u00a0se presenta hoy reducida a su m\u00ednima expresi\u00f3n: ese lazo poderoso e intangible entre maestras y alumnos. All\u00ed se repite renovado el compromiso cotidiano.<\/p>\n<p>En esta nueva versi\u00f3n en modo virtual, el mundo escolar ha mutado profundizando la demanda de esfuerzo de los\u00a0docentes: los maestros ponen al servicio de la ense\u00f1anza su computadora, su tel\u00e9fono y la conexi\u00f3n a internet pagada de su magro bolsillo junto a la multiplicaci\u00f3n de las horas de trabajo.\u00a0Y los\u00a0estudiantes, grandes o peque\u00f1os necesitan contar tambi\u00e9n con dispositivos electr\u00f3nicos adecuados, un celular con datos o con la llegada de materiales de la mano de sus se\u00f1os.<\/p>\n<p>Dar es dar. Al mismo tiempo, muchas maestras, directoras y asistentes escolares arman y distribuyen bolsones de alimentos en las escuelas \u201cde verdad\u201d y cuidan y guardan los edificios hasta la vuelta de todos. Otros maestros solidarios abren merenderos, buscan \u00fatiles, se incluyen en las necesidades de los barrios y ense\u00f1an y aprenden compartiendo en tiempos dif\u00edciles.<\/p>\n<p>\u00abEn esta nueva versi\u00f3n en modo virtual, la escuela ha mutado profundizando la demanda de esfuerzo de los docentes\u00bb<\/p>\n<p>Mientras se sigue \u201cinventando\u201d esta nueva escuela en lejan\u00eda, algo contin\u00faa presente y nos aferra al mandato inicial por el que muchas y muchos elegimos ense\u00f1ar. Algo llamado \u201ccompromiso\u201d, \u201cpasi\u00f3n\u201d, \u201cinter\u00e9s por el otro\u201d, \u201camor por la escuela p\u00fablica\u201d.\u00a0Un lazo que une a quien ense\u00f1a con quien aprende.\u00a0Carlos Skliar se\u00f1ala que educar tiene que ver con \u201cponer el mundo sobre la mesa\u201d, \u201cuna suerte de banquete al que se invita a la gente a que conozca, sienta, perciba, toque todo lo que la humanidad ha creado\u201d.<\/p>\n<p>En estos d\u00edas el banquete del conocimiento sigue sobre nuestra mesa esperando el momento en que todos nuestros sentidos nos permitan acercarnos a tocar, abrazar, oler y sentir la belleza del mundo. Esa que la escuela p\u00fablica acerca cada d\u00eda en el formato que puede, comprometida siempre con la vida de esos chicos y esos j\u00f3venes que vienen a inventar el mundo de nuevo.<\/p>\n<p><strong>Certeza de una ausencia<\/strong><\/p>\n<p>Para sostener la continuidad pedag\u00f3gica hoy se necesita de mucha amorosa voluntad y una buena conexi\u00f3n virtual entre los sujetos implicados. Entre tanta incertidumbre, tenemos sin embargo la certeza de una ausencia.<\/p>\n<p>La educaci\u00f3n es un derecho social y como tal debe ser garantizado por el Estado. Uno que se haga cargo de la conectividad como derecho de docentes y estudiantes, que abra el di\u00e1logo y reconozca salarialmente el esfuerzo sostenido por quienes hacen la escuela d\u00eda a d\u00eda y por quienes se han jubilado dejando sus mejores a\u00f1os en la tarea.<\/p>\n<p>Mientras el Estado nacional congela las tarifas de celulares e internet buscando regular sus aumentos en una intervenci\u00f3n necesaria, en nuestra provincia, en cambio, no hay gestos materiales que acompa\u00f1en. El gobernador Perotti se\u00f1ala que no puede ponerse a discutir con nosotros \u201cporque tenemos raz\u00f3n\u201d. Tenemos la raz\u00f3n pero no alcanza. Porque, en definitiva, si desde el Estado provincial no se garantiza la continuidad proveyendo lo necesario \u00bfqui\u00e9n lo est\u00e1 haciendo? Los docentes y las familias que pueden.<\/p>\n<p>Al colectivo de trabajadores docentes que apost\u00f3 a la ense\u00f1anza con tanta entrega le urge una respuesta que reconozca, desde lo salarial, la fuerte apuesta realizada.\u00a0La protesta docente que recorre la provincia indica que ha llegado el tiempo de reabrir paritarias y hacer una oferta digna a quienes han sostenido el sistema educativo en estos meses dif\u00edciles. S\u00ed, se\u00f1or gobernador, nos asiste la raz\u00f3n. Obre en consecuencia.<\/p>\n<p>En tiempos en que la pandemia es el infierno que nos ha tocado, se trata de \u201cbuscar en ese infierno lo que no es infierno y darle espacio y hacerlo crecer\u201d (como escrib\u00eda Italo Calvino).\u00a0El lazo entre los docentes y los estudiantes, la palabra que ayuda y consuela, el banquete de conocimientos que la escuela acerca son parte de esa belleza en este infierno.<\/p>\n<p>Hoy, en nuestras escuelas sin campanas y sin recreo, ense\u00f1ar es justamente eso. Un modo colectivo de cuidarnos mientras planificamos la esperanza, esa esperanza que se asoma siempre que maestros y estudiantes se encuentran, no importa c\u00f3mo.<\/p>\n<h6>Fuente: La Capital<\/h6>\n","protected":false},"excerpt":{"rendered":"<p>La educaci\u00f3n es un derecho social que debe ser garantizado por un Estado que se haga cargo de la conectividad y el di\u00e1logo.<\/p>\n","protected":false},"author":2,"featured_media":106866,"comment_status":"closed","ping_status":"closed","sticky":false,"template":"","format":"standard","meta":{"footnotes":""},"categories":[2],"tags":[10],"class_list":["post-106865","post","type-post","status-publish","format-standard","has-post-thumbnail","hentry","category-informe-municipal","tag-santa-fe"],"_links":{"self":[{"href":"http:\/\/argentinamunicipal.com.ar\/argentina\/wp-json\/wp\/v2\/posts\/106865","targetHints":{"allow":["GET"]}}],"collection":[{"href":"http:\/\/argentinamunicipal.com.ar\/argentina\/wp-json\/wp\/v2\/posts"}],"about":[{"href":"http:\/\/argentinamunicipal.com.ar\/argentina\/wp-json\/wp\/v2\/types\/post"}],"author":[{"embeddable":true,"href":"http:\/\/argentinamunicipal.com.ar\/argentina\/wp-json\/wp\/v2\/users\/2"}],"replies":[{"embeddable":true,"href":"http:\/\/argentinamunicipal.com.ar\/argentina\/wp-json\/wp\/v2\/comments?post=106865"}],"version-history":[{"count":0,"href":"http:\/\/argentinamunicipal.com.ar\/argentina\/wp-json\/wp\/v2\/posts\/106865\/revisions"}],"wp:featuredmedia":[{"embeddable":true,"href":"http:\/\/argentinamunicipal.com.ar\/argentina\/wp-json\/wp\/v2\/media\/106866"}],"wp:attachment":[{"href":"http:\/\/argentinamunicipal.com.ar\/argentina\/wp-json\/wp\/v2\/media?parent=106865"}],"wp:term":[{"taxonomy":"category","embeddable":true,"href":"http:\/\/argentinamunicipal.com.ar\/argentina\/wp-json\/wp\/v2\/categories?post=106865"},{"taxonomy":"post_tag","embeddable":true,"href":"http:\/\/argentinamunicipal.com.ar\/argentina\/wp-json\/wp\/v2\/tags?post=106865"}],"curies":[{"name":"wp","href":"https:\/\/api.w.org\/{rel}","templated":true}]}}