{"id":106887,"date":"2020-09-07T07:12:56","date_gmt":"2020-09-07T10:12:56","guid":{"rendered":"http:\/\/argentinamunicipal.com.ar\/argentina\/?p=106887"},"modified":"2020-09-07T07:12:56","modified_gmt":"2020-09-07T10:12:56","slug":"santa-fe-asentamiento-en-el-pozo-una-usurpacion-de-mas-de-una-decada","status":"publish","type":"post","link":"http:\/\/argentinamunicipal.com.ar\/argentina\/santa-fe-asentamiento-en-el-pozo-una-usurpacion-de-mas-de-una-decada\/","title":{"rendered":"Santa Fe: Asentamiento en El Pozo, una usurpaci\u00f3n de m\u00e1s de una d\u00e9cada"},"content":{"rendered":"<p>En la zona de la playa Los Alisos viven cerca de 50 familias en condiciones precarias y los problemas con los vecinos son moneda corriente. El municipio proyecta resolver las fragmentaciones sociales y encontrar una soluci\u00f3n definitiva junto a organizaciones sociales, el gobierno Provincial y otros organismos del Estado.<\/p>\n<p>Resolver las precarias condiciones de h\u00e1bitat de cientos de familias en la ciudad es una materia pendiente que los gobiernos municipales y provinciales a\u00fan no pueden \u00abaprobar\u00bb, ya sea porque las pol\u00edticas aplicadas son erradas o por el simple hecho de que el porcentaje de pobreza e indigencia en el pa\u00eds crece a grandes pasos y la necesidad de tener un lugar para vivir es urgente.<\/p>\n<p>Ante esta falta de \u00abvivienda digna\u00bb, las familias santafesinas que no tienen un techo para vivir se movilizan en grupos y se asientan en diferentes terrenos libres que encuentran en las periferias de Santa Fe. Estos asentamientos generan situaciones conflictivas entre los vecinos, y se vuelve una fricci\u00f3n diaria. Ejemplo claro es lo que sucede en El Pozo. All\u00ed unas 49 familias (seg\u00fan relevamiento del 2019) est\u00e1n asentadas a orillas de la laguna Set\u00fabal, sobre la playa Los Alisos, un espacio ocupado hace m\u00e1s de una d\u00e9cada.<\/p>\n<p>\u00abLa ciudad de Santa Fe presenta fragmentaciones socio urbanas que evidencian la vulnerabilidad social y la discontinuidad del tejido urbano. Estos sectores de la ciudad representan los mayores \u00edndices de hacinamiento y de inseguridad. Si a esto le sumamos la desigualdad en el acceso al suelo, genera ocupaciones irregulares, como es el caso de Los Alisos, una zona con riesgo h\u00eddrico\u00bb, analiz\u00f3 Paola Pallero, directora ejecutiva del Ente Aut\u00e1rquico Santa Fe H\u00e1bitat, en una entrevista con El Litoral, y agreg\u00f3: \u00abComo primera instancia queremos afrontar un relevamiento nuevo de las familias y actualizarlo a hoy. Esto se hace mediante un trabajo coordinado con la Provincia y el MPA (Ministerio P\u00fablico de la Acusaci\u00f3n)\u00bb.<\/p>\n<p>Los sectores que evidencian estas situaciones irregulares, para Pallero se ubican, en su mayor\u00eda, \u00aben el borde oeste de la ciudad, en el norte y en el distrito de La Costa\u00bb. Al ser consultada sobre el an\u00e1lisis comparativo con a\u00f1os anteriores y el crecimiento demogr\u00e1fico de los terrenos usurpados, la funcionaria destac\u00f3: \u00abS\u00ed, tienen un crecimiento sostenido. En el caso de El Pozo desde el 2009 hasta el d\u00eda de hoy\u00bb.<\/p>\n<p><strong>Plan de integraci\u00f3n<\/strong><\/p>\n<p>-\u00bfDe qu\u00e9 manera se puede abordar la problem\u00e1tica?<\/p>\n<p>-Desde el municipio vamos a apostar a un proyecto de reubicaci\u00f3n que sea sostenido en el tiempo y que sea integral, es decir, que no solo aborde las mejoras de viviendas en un lugar seguro, sino tambi\u00e9n que contemple el espacio p\u00fablico, la integraci\u00f3n socio urbana y la infraestructura necesaria, para no replicar esta situaci\u00f3n en otro lugar de la ciudad.<\/p>\n<p>Recordemos que los Alisos es uno de los barrios populares censados por el Renabap (Registro Nacional de Barrios Populares) para la integraci\u00f3n socio urbana. Para nosotros es una prioridad intervenir en el proyecto de integraci\u00f3n socio urbana, pero cuando constituyen un riesgo para sus habitantes como es el caso de Los Alisos, al ser una zona de riesgo h\u00eddrico, los proyectos se deben abordar de manera integral desde todos los niveles del Estado, conjuntamente con las organizaciones sociales. Es por eso que lo estamos haciendo con los vecinos de barrio El Pozo, organizaciones sociales y autoconvocados, para transmitirles la prioridad del municipio de trabajar en esta integraci\u00f3n socio urbana.<\/p>\n<p>-\u00bfLos vecinos comparten esta idea?<\/p>\n<p>-S\u00ed, cuando estuvimos reunidos les compartimos nuestra visi\u00f3n y por eso vamos a seguir trabajando en conjunto.<\/p>\n<p>-\u00bfCu\u00e1nto tiempo va a demandar esta integraci\u00f3n?<\/p>\n<p>-Va a depender del financiamiento y los recursos que podamos ir consiguiendo, pero el proyecto ya est\u00e1 bastante avanzado.<\/p>\n<p>-Es una problem\u00e1tica que tiene mucho tiempo, han pasado diferentes gobiernos provinciales como locales. \u00bfHoy la realidad cu\u00e1l es?<\/p>\n<p>-Para nosotros es una prioridad por la vulnerabilidad social que se fue generando, no solamente a nivel inseguridad sino tambi\u00e9n en relaci\u00f3n al h\u00e1bitat y la calidad de vida de estos habitantes. M\u00e1s la problem\u00e1tica que puede trasladarse con los vecinos de El Pozo.<\/p>\n<p>-Cuando asumieron como gobierno municipal \u00bfEsperaban encontrarse con esta situaci\u00f3n de h\u00e1bitat o los sorprendieron los n\u00fameros?<\/p>\n<p>-Nos sorprendieron los n\u00fameros, sobre todo la fragmentaci\u00f3n de la ciudad, hay una brecha muy grande entre el ejido urbano formal y el informal. Por eso estamos priorizando todas las obras de integraci\u00f3n socio urbanas en el noroeste y en el borde oeste, para no solo apuntar a la construcci\u00f3n de nuevas viviendas sino tambi\u00e9n dar alternativas de mejoras que puedan generar un lugar digno.<\/p>\n<p><strong>Del otro lado de la defensa<\/strong><\/p>\n<p>El Litoral recorri\u00f3 el lugar y dialog\u00f3 con los vecinos para conocer sus posturas de la situaci\u00f3n de controversia que genera el tema de los asentamientos.<\/p>\n<p>Mar\u00eda del Rosario Alarc\u00f3n, vecina de El Pozo, dio su punto de vista a la problem\u00e1tica del asentamiento en la playa los Alisos, pero antes repas\u00f3 los a\u00f1os que dieron origen al barrio popular. \u00abAntes que se comience a construir el centro comercial (ex Paseo del Sol, ubicado frente a El Pozo) hab\u00eda una villa asentada sobre la entrada del shopping, al costado de la ruta 168 y que la llamaban Villa Corpi\u00f1o. De golpe sacan la villa porque estaba en un terreno privado y ah\u00ed construyen la estaci\u00f3n de servicio, cuando los corren vinieron a asentarse a orillas de la laguna, detr\u00e1s del barrio El Pozo\u00bb, rememor\u00f3 la vecina.<\/p>\n<p>-\u00bfCu\u00e1l es la mayor problem\u00e1tica que les genera a ustedes?<\/p>\n<p>-Ac\u00e1 la problem\u00e1tica es la ausencia del Estado, que ha estado ausente en los \u00faltimos 13 a\u00f1os. El mayor problema es la inseguridad, no porque la gente del asentamiento sea mala sino que en el \u00faltimo tiempo ha venido gente que ocupa terrenos y vende casas, ac\u00e1 la delincuencia se volvi\u00f3 algo com\u00fan.<\/p>\n<p>-\u00bfQui\u00e9n deber\u00eda regular estas ventas ilegales de terrenos?<\/p>\n<p>-La regulaci\u00f3n tiene que venir por parte del Estado. Hay tanto leyes provinciales como nacionales que prohiben la edificaci\u00f3n en los m\u00e1rgenes de los r\u00edos y nosotros no tenemos una edificaci\u00f3n, tenemos un barrio completo.<\/p>\n<p>-\u00bfTuvieron respuestas recientes por parte del Estado?<\/p>\n<p>-S\u00ed, la \u00faltima convocatoria la hizo el intendente Jat\u00f3n en la Municipalidad con todas las instituciones barriales, que fueron bien recibidas y presentaron sus problem\u00e1ticas.<\/p>\n<p>-\u00bfQu\u00e9 es lo que quieren ustedes: que los saquen o que les den un lugar donde vivir?<\/p>\n<p>-Una cosa lleva a la otra. Las personas que viven en ese lugar son ciudadanos que tienen sus derechos. Ac\u00e1 no se trata de una lucha de pobres contra pobres, una pelea que sucede cuando el Estado est\u00e1 ausente. Esa gente merece vivir de otra manera. No tienen agua potable y estamos en pleno de una pandemia, una parte tiene luz porque la EPE coloc\u00f3 una conexi\u00f3n comunitaria, pero en la otra parte los cables bajan del alumbrado p\u00fablico y es un peligro. Viven en una miseria absoluta y no puede ser que vivan as\u00ed.<\/p>\n<p><strong>Tierra adentro<\/strong><\/p>\n<p>La vecina Jimena Romero coment\u00f3, en referencia al asentamiento en los Alisos, que \u00abhay muchas necesidades en este peque\u00f1o barrio. A m\u00ed me gustar\u00eda que haya un plan de trabajo para que los viven en el asentamiento hagan trabajos en el barrio El Pozo y tambi\u00e9n esperamos un plan de vivienda para que puedan vivir con agua y luz, porque eso es un derecho\u00bb.<\/p>\n<p>-\u00bfC\u00f3mo llega la gente a este lugar? \u00bfEn qu\u00e9 situaci\u00f3n?<\/p>\n<p>-Hay gente de la periferia de la ciudad, pero tambi\u00e9n hay gente que vino de Chaco, de Santiago del Estero. Ac\u00e1 tienen muchas necesidades b\u00e1sicas (de servicios esenciales), hay diferencias entre los vecinos.<\/p>\n<p>-\u00bfC\u00f3mo fue tu llegada al barrio? \u00bfPediste permiso para instalarte?<\/p>\n<p>-Mediante una carta que mand\u00e9 al Concejo Municipal y me dijeron que pod\u00eda estar a dos metros de las defensa pero que no se pod\u00eda edificar casa y por eso arm\u00e9 mi ranchito.<\/p>\n<p>-\u00bfEs dif\u00edcil convivir con el vecino que est\u00e1 del otro lado de la defensa?<\/p>\n<p>-No se hace dif\u00edcil, hay que aprender a convivir. En 15 a\u00f1os nunca vi lo que pas\u00f3 hace poco (en referencia a los tiroteos ocurridos en julio).<\/p>\n<p><strong>\u00abCompr\u00e9 un ranchito\u00bb<\/strong><\/p>\n<p>Facundo viv\u00eda en Alto Verde, pero decidi\u00f3 mudarse al asentamiento de Los Alisos luego de comprar, de forma irregular claramente, un espacio para vivir. \u00abLlegu\u00e9 porque compr\u00e9 un ranchito. Mi mam\u00e1 me lo consigui\u00f3\u00bb, asegur\u00f3. Al ser consultado sobre qui\u00e9n fue su vendedor, Facundo se limit\u00f3 a decir: \u00abNi idea qui\u00e9nes eran. Ac\u00e1 hab\u00eda gente que vend\u00eda los terrenos, ni eran los due\u00f1os pero los vend\u00edan igual\u00bb.<\/p>\n<p>\u00abAc\u00e1 se vive tranquilo, mejor que en otros barrios\u00bb, destac\u00f3 el joven que se las rebusca como alba\u00f1il, y agreg\u00f3: \u00abMe gustar\u00eda vivir ac\u00e1 y capaz que alg\u00fan d\u00eda podamos tener una casa de material\u00bb.<\/p>\n<p>-\u00bfQu\u00e9 sent\u00eds cuando hay gente que piensa en sacarlos de ac\u00e1?<\/p>\n<p>-Mal. Nosotros no tenemos otro lugar para estar y para donde ir. Ac\u00e1 hay mucha gente que tiene hijos chicos, algo les tienen que dar.<\/p>\n<p>Otro de los vecinos del asentamiento coment\u00f3 c\u00f3mo fue su llegada a Los Alisos y dijo: \u00abLa verdad que esto es un espacio verde y sabemos que es una usurpaci\u00f3n. En otra vida hubi\u00e9semos querido una casa digna de material como todos se merecen. Pero nos toc\u00f3 esta situaci\u00f3n de vivir en un rancho de chapa y cart\u00f3n, y pasamos fr\u00edo, calor y muchas necesidades\u00bb.<\/p>\n<p>Acerca de lo que desea para su futuro en el lugar, el vecino sostuvo: \u00abIntentamos buscarle el lado bueno y pensamos que se puede salir adelante. Llegar a un acuerdo con los vecinos y entender que somos todos iguales y con el tiempo uno se conoce m\u00e1s, buscar tranquilidad y socializar con todos\u00bb.<\/p>\n<h6>Fuente: El Litoral<\/h6>\n","protected":false},"excerpt":{"rendered":"<p>En la zona de la playa Los Alisos viven cerca de 50 familias en condiciones precarias y los problemas con los vecinos son moneda corriente. El municipio proyecta resolver las fragmentaciones sociales y encontrar una soluci\u00f3n<\/p>\n","protected":false},"author":2,"featured_media":106888,"comment_status":"closed","ping_status":"closed","sticky":false,"template":"","format":"standard","meta":{"footnotes":""},"categories":[2],"tags":[10],"class_list":["post-106887","post","type-post","status-publish","format-standard","has-post-thumbnail","hentry","category-informe-municipal","tag-santa-fe"],"_links":{"self":[{"href":"http:\/\/argentinamunicipal.com.ar\/argentina\/wp-json\/wp\/v2\/posts\/106887","targetHints":{"allow":["GET"]}}],"collection":[{"href":"http:\/\/argentinamunicipal.com.ar\/argentina\/wp-json\/wp\/v2\/posts"}],"about":[{"href":"http:\/\/argentinamunicipal.com.ar\/argentina\/wp-json\/wp\/v2\/types\/post"}],"author":[{"embeddable":true,"href":"http:\/\/argentinamunicipal.com.ar\/argentina\/wp-json\/wp\/v2\/users\/2"}],"replies":[{"embeddable":true,"href":"http:\/\/argentinamunicipal.com.ar\/argentina\/wp-json\/wp\/v2\/comments?post=106887"}],"version-history":[{"count":0,"href":"http:\/\/argentinamunicipal.com.ar\/argentina\/wp-json\/wp\/v2\/posts\/106887\/revisions"}],"wp:featuredmedia":[{"embeddable":true,"href":"http:\/\/argentinamunicipal.com.ar\/argentina\/wp-json\/wp\/v2\/media\/106888"}],"wp:attachment":[{"href":"http:\/\/argentinamunicipal.com.ar\/argentina\/wp-json\/wp\/v2\/media?parent=106887"}],"wp:term":[{"taxonomy":"category","embeddable":true,"href":"http:\/\/argentinamunicipal.com.ar\/argentina\/wp-json\/wp\/v2\/categories?post=106887"},{"taxonomy":"post_tag","embeddable":true,"href":"http:\/\/argentinamunicipal.com.ar\/argentina\/wp-json\/wp\/v2\/tags?post=106887"}],"curies":[{"name":"wp","href":"https:\/\/api.w.org\/{rel}","templated":true}]}}