{"id":10689,"date":"2014-07-01T09:27:57","date_gmt":"2014-07-01T12:27:57","guid":{"rendered":"http:\/\/argentinamunicipal.com.ar\/argentina\/?p=10689"},"modified":"2014-09-04T19:17:30","modified_gmt":"2014-09-04T22:17:30","slug":"fondos-buitre-la-oea-aprobo-por-aclamacion-la-convocatoria-de-cancilleres-a-pedido-de-argentina","status":"publish","type":"post","link":"http:\/\/argentinamunicipal.com.ar\/argentina\/fondos-buitre-la-oea-aprobo-por-aclamacion-la-convocatoria-de-cancilleres-a-pedido-de-argentina\/","title":{"rendered":"Fondos buitre: la OEA aprob\u00f3 por aclamaci\u00f3n la convocatoria de cancilleres a pedido de Argentina"},"content":{"rendered":"<p><a href=\"http:\/\/argentinamunicipal.com.ar\/argentina\/wp-content\/uploads\/2014\/07\/oea-asamblea-general.jpg\"><img loading=\"lazy\" decoding=\"async\" class=\"aligncenter size-full wp-image-10690\" src=\"http:\/\/argentinamunicipal.com.ar\/argentina\/wp-content\/uploads\/2014\/07\/oea-asamblea-general.jpg\" alt=\"oea-asamblea-general\" width=\"700\" height=\"350\" srcset=\"http:\/\/argentinamunicipal.com.ar\/argentina\/wp-content\/uploads\/2014\/07\/oea-asamblea-general.jpg 700w, http:\/\/argentinamunicipal.com.ar\/argentina\/wp-content\/uploads\/2014\/07\/oea-asamblea-general-300x150.jpg 300w\" sizes=\"auto, (max-width: 700px) 100vw, 700px\" \/><\/a><br \/>\nLa Organizaci\u00f3n de Estados Americanos (OEA) aprob\u00f3 ayer el pedido realizado por Argentina para llamar a reuni\u00f3n de consulta de ministros de relaciones exteriores del hemisferio para este jueves, con el objetivo de considerar el tema de la \u201cReestructuraci\u00f3n de la deuda soberana: el caso de Argentina y sus consecuencias sist\u00e9mcias\u201d.<\/p>\n<p>El encuentro, que tendr\u00e1 lugar el jueves a las 15 (16 en Argentina) en la ciudad de Washington, fue aprobado por aclamaci\u00f3n de los pa\u00edses miembro del Consejo Permanente de la OEA y cont\u00f3 con intervenciones de una veintena de Estados que pidieron la palabra para brindar su apoyo<\/p>\n<p>La solicitud de Argentina de llamar a reuni\u00f3n de cancilleres y realizar una presentaci\u00f3n, en la que tambi\u00e9n participar\u00e1 el ministro de Econom\u00eda, Axel Kicillof, fue realizada porque \u201cla cuesti\u00f3n que hoy afecta a mi pa\u00eds es urgente y de inter\u00e9s com\u00fan para todos los estados americanos\u201d, se\u00f1al\u00f3 el representante alterno ante la OEA, Julio C\u00e9sar Ayala.<\/p>\n<p>\u201cSe trata de una cuesti\u00f3n que excede los aspectos financieros, es una cuesti\u00f3n de pol\u00edtica internacional que tiene imlicancias y consecuencias de \u00edndole global y sist\u00e9micas. Una cuesti\u00f3n que debe ser expuesta y comprendida\u201d, agreg\u00f3 Ayala al iniciar la sesi\u00f3n<\/p>\n<p>Entre los Estados que apoyaron el pedido argentino, estuvo Estados Unidos, quien a trav\u00e9s de su representante alterna, Margarita Riva, manifest\u00f3 su visto bueno para la convocatoria alentando al \u201ccompromiso de las partes para lograr una soluci\u00f3n\u201d, aunque no sin advertir a los embajadores del continente, \u201csobre la importancia de no interferir con las acciones de los tribunales\u201d de su pa\u00eds.<\/p>\n<p>Riva, gener\u00f3 confusi\u00f3n \u2013incluso entre algunos embajadores\u2013 en las varias intervenciones que tuvo, al solicitar que al documento se le incluyera una \u201cnota al pie de p\u00e1gina\u201d y luego expresar su potencial abstenci\u00f3n en caso de haber ocurrido una votaci\u00f3n.<\/p>\n<p>La representante hizo referencia a la \u201cabstenci\u00f3n\u201d, al reclamar que el proyecto de resoluci\u00f3n fue entregado con menos de 24 horas de anticipaci\u00f3n lo que no le dio tiempo a Estados Unidos a preparar correctamente su intervenci\u00f3n, motivo por el cual pidi\u00f3 una \u201cnota al pie de p\u00e1gina\u201d donde brindar\u00e1 su testimonio al respecto, explic\u00f3 luego a T\u00e9lam un funcionario del gobierno de Barack Obama que particip\u00f3 del encuentro y que prefiri\u00f3 el anonimato.<\/p>\n<p>Por su parte, el representante interino de Brasil, Breno Dias da Costa, dio su apoyo al se\u00f1alar que la decisi\u00f3n de la justicia estadounidense sobre el caso de Argentina y los fondos buitre, \u201csienta un precedente sumamente peligroso y eso podr\u00eda dar margen a problemas futuros no s\u00f3lo para Argentina y sino para cualquier pa\u00eds que trate de pagar su deuda\u201d.<\/p>\n<p>El embajador ecuatoriano, Marco Albuja Mart\u00ednez, calific\u00f3 de \u201cins\u00f3lito\u201d que el juez Thomas Griesa ordene que se le pague a los \u201cacreedores especulativos\u201d antes de los bonistas que optaron por ingresar a los canjes de deuda, as\u00ed como el hecho de que una \u201ccorte pueda ordenar a un banco que le quite el dinero a su cliente y se le entregue a quien la corte crea\u201d.<\/p>\n<p>\u201cEstamos en el reino de la supremacia absoluta del capital sobre el ser humano y sobre las soberan\u00eda de los Estados\u201d, asever\u00f3 Albuja Mart\u00ednez alertando sobre el accionar de estos fondos.<\/p>\n<p>\u201cLos fondos buitres que est\u00e1n sobrevolando Argentina son exactamente los mismos que en los \u00faltimos 6 a\u00f1os atacaron los pa\u00edses de \u00c1frica. Compraron deuda externa de 1 mill\u00f3n de d\u00f3lares en 200 mil d\u00f3lares y demandaron por 40 millones de d\u00f3lares a los pa\u00edses m\u00e1s pobres de la Tierra\u201d, dijo el funcionario ecuatoriano a los presentes.<\/p>\n<p>En ese sentido, el secretario General de la instituci\u00f3n, Jos\u00e9 Miguel Insulza, coincidi\u00f3 en se\u00f1alar a la decisi\u00f3n de Griesa como \u201cins\u00f3lita\u201d y manifest\u00f3 su \u201csolidaridad con Argentina por la situaci\u00f3n en la que se le ha puesto\u201d.<\/p>\n<p>El titular de la OEA, resalt\u00f3 a su vez la \u201curgencia\u201d del tema que hace \u201cimportante tener una manifestaci\u00f3n sobre esto pronto\u201d y ratific\u00f3 la necesidad de que el encuentro sea llevado adelante este mismo jueves ante el \u201cn\u00famero importante\u201d de cancilleres que ya confirmaron su presencia.<\/p>\n<p>Insulza inform\u00f3 a su vez que extender\u00e1 una \u201cinvitaci\u00f3n especial\u201d al encuentro para que \u201cden su punto de vista\u201d, a la titular del Fondo Monetario Internacional (FMI), Christine Lagarde; a su par del Banco Mundial, Jim Yong Kim; y al presidente del Banco Interamericano de Desarrollo (BID), Luis Alberto Moreno.<\/p>\n<p>Intervinieron en la sesi\u00f3n los representantes de Brasil, Panam\u00e1, Paraguay, Bolivia, Venezuela, Chile, Guatemala, Per\u00fa, M\u00e9jico, Ecuador, Uruguay, Dominica, Granada, Nicaragua, Jamaica, Colombia, Guayana, Estados Unidos, Santa Luc\u00eda y Canad\u00e1, en ese orden.<\/p>\n<h6>Fuente: Tucum\u00e1n Hoy<\/h6>\n","protected":false},"excerpt":{"rendered":"<p>La Organizaci\u00f3n de Estados Americanos (OEA) aprob\u00f3 ayer el pedido realizado por Argentina para llamar a reuni\u00f3n de consulta de ministros de relaciones exteriores del hemisferio para este jueves, con el objetivo de considerar el tema de la \u201cReestructuraci\u00f3n de la deuda soberana: el caso de Argentina y sus consecuencias sist\u00e9mcias\u201d. El encuentro, que tendr\u00e1<\/p>\n","protected":false},"author":2,"featured_media":10690,"comment_status":"closed","ping_status":"closed","sticky":false,"template":"","format":"standard","meta":{"footnotes":""},"categories":[5,8],"tags":[21],"class_list":["post-10689","post","type-post","status-publish","format-standard","has-post-thumbnail","hentry","category-informe-economico","category-informe-nacional","tag-argentina"],"_links":{"self":[{"href":"http:\/\/argentinamunicipal.com.ar\/argentina\/wp-json\/wp\/v2\/posts\/10689","targetHints":{"allow":["GET"]}}],"collection":[{"href":"http:\/\/argentinamunicipal.com.ar\/argentina\/wp-json\/wp\/v2\/posts"}],"about":[{"href":"http:\/\/argentinamunicipal.com.ar\/argentina\/wp-json\/wp\/v2\/types\/post"}],"author":[{"embeddable":true,"href":"http:\/\/argentinamunicipal.com.ar\/argentina\/wp-json\/wp\/v2\/users\/2"}],"replies":[{"embeddable":true,"href":"http:\/\/argentinamunicipal.com.ar\/argentina\/wp-json\/wp\/v2\/comments?post=10689"}],"version-history":[{"count":0,"href":"http:\/\/argentinamunicipal.com.ar\/argentina\/wp-json\/wp\/v2\/posts\/10689\/revisions"}],"wp:featuredmedia":[{"embeddable":true,"href":"http:\/\/argentinamunicipal.com.ar\/argentina\/wp-json\/wp\/v2\/media\/10690"}],"wp:attachment":[{"href":"http:\/\/argentinamunicipal.com.ar\/argentina\/wp-json\/wp\/v2\/media?parent=10689"}],"wp:term":[{"taxonomy":"category","embeddable":true,"href":"http:\/\/argentinamunicipal.com.ar\/argentina\/wp-json\/wp\/v2\/categories?post=10689"},{"taxonomy":"post_tag","embeddable":true,"href":"http:\/\/argentinamunicipal.com.ar\/argentina\/wp-json\/wp\/v2\/tags?post=10689"}],"curies":[{"name":"wp","href":"https:\/\/api.w.org\/{rel}","templated":true}]}}