{"id":107037,"date":"2020-09-10T06:35:24","date_gmt":"2020-09-10T09:35:24","guid":{"rendered":"http:\/\/argentinamunicipal.com.ar\/argentina\/?p=107037"},"modified":"2020-09-10T06:35:24","modified_gmt":"2020-09-10T09:35:24","slug":"leoni-el-salario-de-la-mitad-de-los-municipales-santafesinos-esta-debajo-de-la-linea-de-pobreza","status":"publish","type":"post","link":"http:\/\/argentinamunicipal.com.ar\/argentina\/leoni-el-salario-de-la-mitad-de-los-municipales-santafesinos-esta-debajo-de-la-linea-de-pobreza\/","title":{"rendered":"Leoni: \u00abEl salario de la mitad de los municipales santafesinos est\u00e1 debajo de la l\u00ednea de pobreza\u00bb"},"content":{"rendered":"<p>El titular de la Federaci\u00f3n Santafesina de Trabajadores Municipales (Festram), Claudio Leoni rechaz\u00f3 la conciliaci\u00f3n obligatoria y reclam\u00f3 un nuevo llamado a paritarias.<\/p>\n<p>El titular de la Federaci\u00f3n Santafesina de Trabajadores Municipales (Festram), Claudio Leoni, revel\u00f3 que el salario de la mitad de los trabajadores municipales de la provincia est\u00e1 por debajo de la l\u00ednea de pobreza. Con esa sentencia mostr\u00f3 su descontento a la conciliaci\u00f3n obligatoria dictada por el Ministerio de Trabajo por el paro de 72 horas que comenz\u00f3 este martes y termina ma\u00f1ana jueves en todo el territorio santafesino.<\/p>\n<p>En la tercera medida de fuerza en el marco de la pandemia por coronavirus,\u00a0los trabajadores municipales rechazaron de plano el bono de 3 mil pesos otorgado de manera unilateral por el gobierno provincial\u00a0y la falta de un llamado a paritarias para negociar una recomposici\u00f3n salarial, a partir de la p\u00e9rdida del poder adquisitivo.<\/p>\n<p>\u201cUna conciliaci\u00f3n obligatoria no se dicta cuatro horas antes de iniciar un conflicto\u201d, cuestion\u00f3 Leoni en\u00a0\u201cEl primero de la ma\u00f1ana\u201d, de\u00a0LT8, en referencia a la medida que dict\u00f3 el Ministerio de Trabajo con el objetivo de destrabar el paro de 72 horas que comenz\u00f3 este martes.<\/p>\n<p>El titular de Festram fundament\u00f3 la medida de fuerza al asegurar:\u00a0\u201cCon el salario promedio estamos por debajo de la l\u00ednea de pobreza en la mitad de los trabajadores municipales\u201d. Adem\u00e1s, sostuvo que \u201cel anuncio de sumas no remunerativas consolid\u00f3 el paro\u201d.<\/p>\n<p>\u201cLamentablemente el Ministerio de Trabajo, no sabemos si por impericia o intencionalidad, dict\u00f3 la conciliaci\u00f3n obligatoria\u00a0que nosotros hemos apelado con un documento que se ha presentado de acuerdo a lo establecido por las v\u00edas legales administrativas; por eso continuamos con la medida de fuerza\u201d, aclar\u00f3 Leoni.<\/p>\n<p>\u201cTodos estamos aprendiendo a defender nuestros derechos en el marco de una pandemia;\u00a0no se ha tenido en cuenta el valor del trabajo esencial que venimos haciendo en toda la provincia\u201d, abund\u00f3, al tiempo que consider\u00f3 necesario recomponer las asignaciones familiares, que hoy se ubican en 3 pesos para la ayuda escolar primaria y 40 pesos el c\u00f3nyuge.<\/p>\n<p>No obstante, el dirigente gremial se\u00f1al\u00f3 que Festram va a concurrir a la audiencia de mediaci\u00f3n en la sede de la cartera laboral \u201ccon la expectativa de que se retorne al di\u00e1logo paritario y podamos volver al punto de discusi\u00f3n de la pol\u00edtica salarial y otros temas que involucran al gobierno de la provincia\u201d.<\/p>\n<h6>Fuente: La Capital<\/h6>\n","protected":false},"excerpt":{"rendered":"<p>El titular de la Federaci\u00f3n Santafesina de Trabajadores Municipales (Festram), Claudio Leoni rechaz\u00f3 la conciliaci\u00f3n obligatoria y reclam\u00f3 un nuevo llamado a paritarias.<\/p>\n","protected":false},"author":2,"featured_media":107038,"comment_status":"closed","ping_status":"closed","sticky":false,"template":"","format":"standard","meta":{"footnotes":""},"categories":[7],"tags":[10],"class_list":["post-107037","post","type-post","status-publish","format-standard","has-post-thumbnail","hentry","category-informe-sindical","tag-santa-fe"],"_links":{"self":[{"href":"http:\/\/argentinamunicipal.com.ar\/argentina\/wp-json\/wp\/v2\/posts\/107037","targetHints":{"allow":["GET"]}}],"collection":[{"href":"http:\/\/argentinamunicipal.com.ar\/argentina\/wp-json\/wp\/v2\/posts"}],"about":[{"href":"http:\/\/argentinamunicipal.com.ar\/argentina\/wp-json\/wp\/v2\/types\/post"}],"author":[{"embeddable":true,"href":"http:\/\/argentinamunicipal.com.ar\/argentina\/wp-json\/wp\/v2\/users\/2"}],"replies":[{"embeddable":true,"href":"http:\/\/argentinamunicipal.com.ar\/argentina\/wp-json\/wp\/v2\/comments?post=107037"}],"version-history":[{"count":0,"href":"http:\/\/argentinamunicipal.com.ar\/argentina\/wp-json\/wp\/v2\/posts\/107037\/revisions"}],"wp:featuredmedia":[{"embeddable":true,"href":"http:\/\/argentinamunicipal.com.ar\/argentina\/wp-json\/wp\/v2\/media\/107038"}],"wp:attachment":[{"href":"http:\/\/argentinamunicipal.com.ar\/argentina\/wp-json\/wp\/v2\/media?parent=107037"}],"wp:term":[{"taxonomy":"category","embeddable":true,"href":"http:\/\/argentinamunicipal.com.ar\/argentina\/wp-json\/wp\/v2\/categories?post=107037"},{"taxonomy":"post_tag","embeddable":true,"href":"http:\/\/argentinamunicipal.com.ar\/argentina\/wp-json\/wp\/v2\/tags?post=107037"}],"curies":[{"name":"wp","href":"https:\/\/api.w.org\/{rel}","templated":true}]}}