{"id":1073,"date":"2014-02-14T12:08:03","date_gmt":"2014-02-14T15:08:03","guid":{"rendered":"http:\/\/argentinamunicipal.com.ar\/argentina\/?p=1073"},"modified":"2014-02-15T18:33:58","modified_gmt":"2014-02-15T21:33:58","slug":"el-gobierno-oficializo-el-aumento-de-la-asignacion-por-ayuda-escolar","status":"publish","type":"post","link":"http:\/\/argentinamunicipal.com.ar\/argentina\/el-gobierno-oficializo-el-aumento-de-la-asignacion-por-ayuda-escolar\/","title":{"rendered":"El Gobierno oficializ\u00f3 el aumento de la asignaci\u00f3n por ayuda escolar"},"content":{"rendered":"<p><a href=\"http:\/\/argentinamunicipal.com.ar\/argentina\/wp-content\/uploads\/2014\/02\/PAQUETES-ESCOLARES-01-28.jpg\"><img loading=\"lazy\" decoding=\"async\" class=\"aligncenter size-full wp-image-1074\" alt=\"PAQUETES-ESCOLARES-01-28\" src=\"http:\/\/argentinamunicipal.com.ar\/argentina\/wp-content\/uploads\/2014\/02\/PAQUETES-ESCOLARES-01-28.jpg\" width=\"600\" height=\"400\" srcset=\"http:\/\/argentinamunicipal.com.ar\/argentina\/wp-content\/uploads\/2014\/02\/PAQUETES-ESCOLARES-01-28.jpg 600w, http:\/\/argentinamunicipal.com.ar\/argentina\/wp-content\/uploads\/2014\/02\/PAQUETES-ESCOLARES-01-28-300x200.jpg 300w\" sizes=\"auto, (max-width: 600px) 100vw, 600px\" \/><\/a><\/p>\n<p>La medida, anunciada por la presidenta Cristina Fern\u00e1ndez de Kirchner y que implica el incremento de los 170 pesos actuales a 510 pesos, fue publicada hoy en el Bolet\u00edn Oficial.<\/p>\n<p>La medida, anunciada la semana pasada por la presidenta Cristina Fern\u00e1ndez de Kirchner, fue publicada en el Bolet\u00edn Oficial mediante el decreto 185, tambi\u00e9n firmado por el jefe de Gabinete, Jorge Capitanich; y el ministro de Trabajo, Carlos Tomada.<\/p>\n<p>En el art\u00edculo 2\u00b0 de la disposici\u00f3n se establece que \u00abla asignaci\u00f3n por ayuda escolar anual se liquidar\u00e1 al inicio del ciclo lectivo para los ni\u00f1os, ni\u00f1as y adolescentes de 5 a 17 a\u00f1os inclusive, debiendo presentarse el certificado pertinente que acredite la condici\u00f3n de alumno\/a regular del establecimiento educativo, como fecha l\u00edmite, al 31 de diciembre de cada a\u00f1o\u00bb.<\/p>\n<p>En tanto, \u00abpara la liquidaci\u00f3n de la mencionada asignaci\u00f3n en los casos no incluidos en la forma establecida en el p\u00e1rrafo precedente, los titulares deber\u00e1n presentar ante la Administraci\u00f3n Nacional de la Seguridad Social (ANSES) el certificado que acredite la concurrencia al establecimiento educativo hasta la fecha l\u00edmite determinada\u00bb, a\u00f1ade la normativa publicada hoy.<\/p>\n<p>El beneficio alcanza a chicos cuyo grupo familiar tenga ingresos menores a 30.000 pesos.<\/p>\n<p>Este a\u00f1o, abarcar\u00e1 a 3.055.169 de menores, con una inversi\u00f3n de 1558 millones de pesos, es decir, un 45,8% m\u00e1s que el a\u00f1o pasado.<\/p>\n<h6>Fuente: El Tribuno de Jujuy<\/h6>\n","protected":false},"excerpt":{"rendered":"<p>La medida, anunciada por la presidenta Cristina Fern\u00e1ndez de Kirchner y que implica el incremento de los 170 pesos actuales a 510 pesos, fue publicada hoy en el Bolet\u00edn Oficial. La medida, anunciada la semana pasada por la presidenta Cristina Fern\u00e1ndez de Kirchner, fue publicada en el Bolet\u00edn Oficial mediante el decreto 185, tambi\u00e9n firmado<\/p>\n","protected":false},"author":1,"featured_media":1074,"comment_status":"closed","ping_status":"closed","sticky":false,"template":"","format":"standard","meta":{"footnotes":""},"categories":[8],"tags":[21],"class_list":["post-1073","post","type-post","status-publish","format-standard","has-post-thumbnail","hentry","category-informe-nacional","tag-argentina"],"_links":{"self":[{"href":"http:\/\/argentinamunicipal.com.ar\/argentina\/wp-json\/wp\/v2\/posts\/1073","targetHints":{"allow":["GET"]}}],"collection":[{"href":"http:\/\/argentinamunicipal.com.ar\/argentina\/wp-json\/wp\/v2\/posts"}],"about":[{"href":"http:\/\/argentinamunicipal.com.ar\/argentina\/wp-json\/wp\/v2\/types\/post"}],"author":[{"embeddable":true,"href":"http:\/\/argentinamunicipal.com.ar\/argentina\/wp-json\/wp\/v2\/users\/1"}],"replies":[{"embeddable":true,"href":"http:\/\/argentinamunicipal.com.ar\/argentina\/wp-json\/wp\/v2\/comments?post=1073"}],"version-history":[{"count":0,"href":"http:\/\/argentinamunicipal.com.ar\/argentina\/wp-json\/wp\/v2\/posts\/1073\/revisions"}],"wp:featuredmedia":[{"embeddable":true,"href":"http:\/\/argentinamunicipal.com.ar\/argentina\/wp-json\/wp\/v2\/media\/1074"}],"wp:attachment":[{"href":"http:\/\/argentinamunicipal.com.ar\/argentina\/wp-json\/wp\/v2\/media?parent=1073"}],"wp:term":[{"taxonomy":"category","embeddable":true,"href":"http:\/\/argentinamunicipal.com.ar\/argentina\/wp-json\/wp\/v2\/categories?post=1073"},{"taxonomy":"post_tag","embeddable":true,"href":"http:\/\/argentinamunicipal.com.ar\/argentina\/wp-json\/wp\/v2\/tags?post=1073"}],"curies":[{"name":"wp","href":"https:\/\/api.w.org\/{rel}","templated":true}]}}