{"id":107356,"date":"2020-09-18T07:40:32","date_gmt":"2020-09-18T10:40:32","guid":{"rendered":"http:\/\/argentinamunicipal.com.ar\/argentina\/?p=107356"},"modified":"2020-09-18T07:40:32","modified_gmt":"2020-09-18T10:40:32","slug":"el-concejo-aprobo-un-proyecto-por-la-soberania-de-las-islas-frente-a-rosario","status":"publish","type":"post","link":"http:\/\/argentinamunicipal.com.ar\/argentina\/el-concejo-aprobo-un-proyecto-por-la-soberania-de-las-islas-frente-a-rosario\/","title":{"rendered":"El Concejo aprob\u00f3 un proyecto por la soberan\u00eda de las islas frente a Rosario"},"content":{"rendered":"<p>El sector del Banquito San Andr\u00e9s tendr\u00e1 su propio Centro de Distrito, como ocurre en la ciudad. La idea es \u00abproteger y planificar\u00bb.<\/p>\n<p>El Concejo Municipal fue con todo por la soberan\u00eda de las islas. Tanto es as\u00ed que este jueves aprob\u00f3 la creaci\u00f3n de un nuevo Centro Municipal de Distrito para el sector conocido como Banquito San Andr\u00e9s. El proyecto est\u00e1 enfocado en la protecci\u00f3n y planificaci\u00f3n del \u00e1rea.<\/p>\n<p>Se trata de una iniciativa del vicepresidente primero del cuerpo y titular del bloque Cambiemos, Roy L\u00f3pez Molina, quien se\u00f1al\u00f3 que \u201cpermitir\u00e1 atender a la demanda espec\u00edfica del territorio\u201d.<\/p>\n<p>Al respecto, el edil consider\u00f3:\u00a0\u201cEstamos impulsando un ejercicio de soberan\u00eda para cuidar lo que es nuestro. Como las islas no han sido contempladas dentro de la creaci\u00f3n de los distritos descentralizados de manera certera, tampoco forman parte del Plan Urbano ni de la normativa urbana\u201d.<\/p>\n<p>Por eso, indic\u00f3 que algunas de las acciones que podr\u00eda ejercer el Departamento Ejecutivo con la ordenanza son \u201cla provisi\u00f3n de servicios y el control e implementaci\u00f3n de pol\u00edticas ambientales, como la prevenci\u00f3n de incendios\u201d.<\/p>\n<p>Esta s\u00e9ptima \u00e1rea de la ciudad se llamar\u00e1 formalmente Distrito de Gesti\u00f3n Ambiental de las Islas del\u00a0Rosario, pero depender\u00e1 del Distrito Centro, por lo que no habr\u00e1 nuevas oficinas, cargos o gastos, aclar\u00f3 el edil de Cambiemos.<\/p>\n<p>Con un 2020 marcado por los incendios, adem\u00e1s de otras actividades que depredan el medio ambiente, L\u00f3pez Molina sostuvo que\u00a0\u201cde no mediar estrategias de gesti\u00f3n para conservar el \u00e1rea, se podr\u00edan comprometer seriamente los ecosistemas presentes\u201d.<\/p>\n<p>\u201cEso pone en riesgo el potencial de los recursos naturales y culturales del \u00e1rea, sea pesca, recreaci\u00f3n o turismo, entre otros factores de inter\u00e9s social y econ\u00f3mico\u201d, dijo en la sesi\u00f3n.<\/p>\n<p>L\u00f3pez Molina puso especial \u00e9nfasis en \u201ccuidar las actividades actuales\u201d que tienen las playas y paradores y afirm\u00f3 que la normativa \u201cno afecta a ninguna de ellas\u201d.<\/p>\n<p>\u201cSi bien la quema de pastizales y el humo que genera es el fen\u00f3meno m\u00e1s visible en la actualidad, no es el \u00fanico ni el principal inconveniente que afecta al Delta del Paran\u00e1. Una de las prohibiciones puntuales ser\u00e1 el movimiento no autorizado del suelo\u201d, agreg\u00f3.<\/p>\n<p>El proyecto del presidente del bloque Cambiemos, ahora aprobado, contempla un enfoque de desarrollo sustentable a trav\u00e9s de la declaraci\u00f3n de Area de Protecci\u00f3n Ecol\u00f3gica y Ambiental, \u201clo que supone encontrar un equilibrio entre conservaci\u00f3n y posibilidades de utilizaci\u00f3n\u201d.<\/p>\n<p>En esa \u00e1rea se permitir\u00e1n actividades de investigaci\u00f3n, educaci\u00f3n y cultura, de recreaci\u00f3n y turismo compatibles con la sustentabilidad de los ambientes y recursos, de recuperaci\u00f3n, y de control, vigilancia y seguridad, entre otras.<\/p>\n<p>El concejal incluy\u00f3, adem\u00e1s, \u201cun plan de manejo que regule sectores y niveles de protecci\u00f3n y las posibilidades de intervenci\u00f3n sobre el sistema de islas para su utilizaci\u00f3n sustentable\u201d.<\/p>\n<p>L\u00f3pez Molina ratific\u00f3 que las islas Sabino Corsi Norte, Sabino Corsi Sur y General Juan Pistarini, una de ellas conocida popularmente como Banquito de San Andr\u00e9s (ver infograf\u00eda), pertenecen a Rosario y no a Entre R\u00edos, seg\u00fan la interpretaci\u00f3n de la Comisi\u00f3n Nacional de L\u00edmites Interprovinciales, de los mapas oficiales del Instituto Geogr\u00e1fico Nacional y los archivos disponibles de catastro provincial de Santa Fe. Record\u00f3, adem\u00e1s, que actualmente la Municipalidad cobra tasas y derechos a los balnearios.<\/p>\n<p>Para una correcta implementaci\u00f3n de la ordenanza, el propio edil impuls\u00f3 una comisi\u00f3n de Seguimiento integrada por concejales, representantes del Departamento Ejecutivo Municipal, del gobierno provincial, de la Universidad Tecnol\u00f3gica Nacional (UTN) y de la Universidad Nacional de Rosario (UNR), como as\u00ed tambi\u00e9n por representantes de diferentes ONGs ligadas a la protecci\u00f3n medioambiental.<\/p>\n<h6>Fuente: La Capital<\/h6>\n","protected":false},"excerpt":{"rendered":"<p>El sector del Banquito San Andr\u00e9s tendr\u00e1 su propio Centro de Distrito, como ocurre en la ciudad. La idea es \u00abproteger y planificar\u00bb.<\/p>\n","protected":false},"author":2,"featured_media":107357,"comment_status":"closed","ping_status":"closed","sticky":false,"template":"","format":"standard","meta":{"footnotes":""},"categories":[2],"tags":[10],"class_list":["post-107356","post","type-post","status-publish","format-standard","has-post-thumbnail","hentry","category-informe-municipal","tag-santa-fe"],"_links":{"self":[{"href":"http:\/\/argentinamunicipal.com.ar\/argentina\/wp-json\/wp\/v2\/posts\/107356","targetHints":{"allow":["GET"]}}],"collection":[{"href":"http:\/\/argentinamunicipal.com.ar\/argentina\/wp-json\/wp\/v2\/posts"}],"about":[{"href":"http:\/\/argentinamunicipal.com.ar\/argentina\/wp-json\/wp\/v2\/types\/post"}],"author":[{"embeddable":true,"href":"http:\/\/argentinamunicipal.com.ar\/argentina\/wp-json\/wp\/v2\/users\/2"}],"replies":[{"embeddable":true,"href":"http:\/\/argentinamunicipal.com.ar\/argentina\/wp-json\/wp\/v2\/comments?post=107356"}],"version-history":[{"count":0,"href":"http:\/\/argentinamunicipal.com.ar\/argentina\/wp-json\/wp\/v2\/posts\/107356\/revisions"}],"wp:featuredmedia":[{"embeddable":true,"href":"http:\/\/argentinamunicipal.com.ar\/argentina\/wp-json\/wp\/v2\/media\/107357"}],"wp:attachment":[{"href":"http:\/\/argentinamunicipal.com.ar\/argentina\/wp-json\/wp\/v2\/media?parent=107356"}],"wp:term":[{"taxonomy":"category","embeddable":true,"href":"http:\/\/argentinamunicipal.com.ar\/argentina\/wp-json\/wp\/v2\/categories?post=107356"},{"taxonomy":"post_tag","embeddable":true,"href":"http:\/\/argentinamunicipal.com.ar\/argentina\/wp-json\/wp\/v2\/tags?post=107356"}],"curies":[{"name":"wp","href":"https:\/\/api.w.org\/{rel}","templated":true}]}}