{"id":107377,"date":"2020-09-18T06:02:52","date_gmt":"2020-09-18T09:02:52","guid":{"rendered":"http:\/\/argentinamunicipal.com.ar\/argentina\/?p=107377"},"modified":"2020-09-18T08:04:21","modified_gmt":"2020-09-18T11:04:21","slug":"la-calidad-del-aire-en-rosario-ampliamente-por-debajo-del-limite-recomendado","status":"publish","type":"post","link":"http:\/\/argentinamunicipal.com.ar\/argentina\/la-calidad-del-aire-en-rosario-ampliamente-por-debajo-del-limite-recomendado\/","title":{"rendered":"La calidad del aire en Rosario, ampliamente por debajo del l\u00edmite recomendado"},"content":{"rendered":"<p>El fuego y el humo volvieron a la ciudad, luego de d\u00edas de calma por las lluvias.<\/p>\n<p>Tras dos semanas sin fuego en el Delta del Paran\u00e1, el regreso de los incendios en las islas entrerrianas volvi\u00f3 a viciar el aire en Rosario. Seg\u00fan un sensor para la medici\u00f3n de poluci\u00f3n, a media ma\u00f1ana, la calidad del aire en la ciudad era \u201cpoco saludable\u201d, algo m\u00e1s tolerable que el d\u00eda de ayer, cuando alcanz\u00f3 el registro de \u201cpeligroso\u201d.<\/p>\n<p>Durante agosto, en plena quemaz\u00f3n en la zona entrerriana,\u00a0Rosario lleg\u00f3 a liderar el r\u00e1nking de las ciudades con el aire m\u00e1s contaminado del mundo, por encima de la capital de M\u00e9xico, Los Angeles en Estados Unidos y Santiago de Chile.<\/p>\n<p>Voceros de Defensa Civil de Rosario manifestaron esta ma\u00f1ana su preocupaci\u00f3n ante la falta de lluvias en la regi\u00f3n, en lo que predijeron,\u00a0ser\u00e1 una primavera sin grandes precipitaciones\u00a0debido a la presencia del fen\u00f3meno \u201cLa Ni\u00f1a\u201d, que se destaca por la sequedad que se produce en la zona.<\/p>\n<p>Hasta ahora s\u00f3lo la\u00a0lluvia\u00a0pudo apagar los focos de incendio a pesar del trabajo denodado de los\u00a0brigadistas que, incluso tras los chaparrones, volvieron a la isla en busca de fuegos subterr\u00e1neos.<\/p>\n<p>Desde el inicio de la pandemia,\u00a0se notificaron incendios en m\u00e1s de 110 mil hect\u00e1reas,\u00a0mayoritariamente en campos en los que se realizar\u00eda actividad ganadera.<\/p>\n<p>Esto despert\u00f3 la\u00a0sospecha\u00a0de los grupos ambientalistas, que acusaron a los due\u00f1os de campos entrerrianos por iniciar los incendios para favorecer las condiciones de cultivo y criado de ganado.<\/p>\n<p>El \u00faltimo fin de semana, la propagaci\u00f3n de las llamas\u00a0afect\u00f3\u00a0tanto el cord\u00f3n industrial como el extremo sudeste de la bota.<\/p>\n<p>De hecho, desde Defensa Civil confirmaron que\u00a0a\u00fan existen\u00a0\u201cfocos activos importantes\u201d sobre todo frente a Alvear y Villa Constituci\u00f3n, lo que volvi\u00f3 a encender la preocupaci\u00f3n en las autoridades locales.<\/p>\n<h6>Fuente: Sin Mordaza<\/h6>\n","protected":false},"excerpt":{"rendered":"<p>El fuego y el humo volvieron a la ciudad, luego de d\u00edas de calma por las lluvias.<\/p>\n","protected":false},"author":2,"featured_media":107378,"comment_status":"closed","ping_status":"closed","sticky":false,"template":"","format":"standard","meta":{"footnotes":""},"categories":[2],"tags":[10],"class_list":["post-107377","post","type-post","status-publish","format-standard","has-post-thumbnail","hentry","category-informe-municipal","tag-santa-fe"],"_links":{"self":[{"href":"http:\/\/argentinamunicipal.com.ar\/argentina\/wp-json\/wp\/v2\/posts\/107377","targetHints":{"allow":["GET"]}}],"collection":[{"href":"http:\/\/argentinamunicipal.com.ar\/argentina\/wp-json\/wp\/v2\/posts"}],"about":[{"href":"http:\/\/argentinamunicipal.com.ar\/argentina\/wp-json\/wp\/v2\/types\/post"}],"author":[{"embeddable":true,"href":"http:\/\/argentinamunicipal.com.ar\/argentina\/wp-json\/wp\/v2\/users\/2"}],"replies":[{"embeddable":true,"href":"http:\/\/argentinamunicipal.com.ar\/argentina\/wp-json\/wp\/v2\/comments?post=107377"}],"version-history":[{"count":0,"href":"http:\/\/argentinamunicipal.com.ar\/argentina\/wp-json\/wp\/v2\/posts\/107377\/revisions"}],"wp:featuredmedia":[{"embeddable":true,"href":"http:\/\/argentinamunicipal.com.ar\/argentina\/wp-json\/wp\/v2\/media\/107378"}],"wp:attachment":[{"href":"http:\/\/argentinamunicipal.com.ar\/argentina\/wp-json\/wp\/v2\/media?parent=107377"}],"wp:term":[{"taxonomy":"category","embeddable":true,"href":"http:\/\/argentinamunicipal.com.ar\/argentina\/wp-json\/wp\/v2\/categories?post=107377"},{"taxonomy":"post_tag","embeddable":true,"href":"http:\/\/argentinamunicipal.com.ar\/argentina\/wp-json\/wp\/v2\/tags?post=107377"}],"curies":[{"name":"wp","href":"https:\/\/api.w.org\/{rel}","templated":true}]}}