{"id":107425,"date":"2020-09-28T05:00:38","date_gmt":"2020-09-28T08:00:38","guid":{"rendered":"http:\/\/argentinamunicipal.com.ar\/argentina\/?p=107425"},"modified":"2020-09-27T20:42:56","modified_gmt":"2020-09-27T23:42:56","slug":"en-su-90-aniversario-la-cgt-brega-por-una-central-sindical-fuerte-y-unida","status":"publish","type":"post","link":"http:\/\/argentinamunicipal.com.ar\/argentina\/en-su-90-aniversario-la-cgt-brega-por-una-central-sindical-fuerte-y-unida\/","title":{"rendered":"En su 90 aniversario, la CGT brega por una central sindical \u00abfuerte y unida\u00bb"},"content":{"rendered":"<p>El 27 de septiembre de 1930, a s\u00f3lo tres semanas del golpe militar que derroc\u00f3 al gobierno constitucional de Hip\u00f3lito Yrigoyen, e intuyendo lo que esa dictadura provocar\u00eda en los trabajadores y en el marco de la Gran Depresi\u00f3n Mundial, las distintas corrientes de trabajadores decidieron su unificaci\u00f3n, dando origen a la CGT.<\/p>\n<p>El Consejo Directivo Nacional de la Confederaci\u00f3n General del Trabajo conmemor\u00f3 hoy el 90\u00ba aniversario de la creaci\u00f3n de la CGT con un documento en el que reconoci\u00f3 la lucha de sus dirigentes y pidi\u00f3 bregar por una central obrera \u00abfuerte y unida\u00bb sosteniendo los principios de la \u00abindependencia econ\u00f3mica, la soberan\u00eda pol\u00edtica y la justicia social\u00bb.<\/p>\n<p>\u00abRecordamos sentidamente la incansable lucha de grandes dirigentes que han dejado su vida en defensa de las innumerables conquistas del pueblo trabajador y de un modelo que es ejemplo en el mundo en la tutela de derechos laborales y sociales\u00bb, sostuvo la conducci\u00f3n de la GT en el documento que difundi\u00f3 a trav\u00e9s de las redes sociales.<\/p>\n<p>Adem\u00e1s, llam\u00f3 a tener \u00abuna CGT fuerte y unida con la independencia econ\u00f3mica y la soberan\u00eda pol\u00edtica como norte y la justicia social como bandera\u00bb.<\/p>\n<p>El 27 de septiembre de 1930, a s\u00f3lo tres semanas del golpe militar que derroc\u00f3 al gobierno constitucional de Hip\u00f3lito Yrigoyen, e intuyendo lo que esa dictadura provocar\u00eda en los trabajadores y en el marco de la Gran Depresi\u00f3n Mundial, las distintas corrientes de trabajadores, que respond\u00edan a las ideolog\u00edas e internacionales vigentes en el mundo (anarquistas, socialistas, comunistas), decidieron su unificaci\u00f3n, dando origen a la CGT.<\/p>\n<p>Cuando todav\u00eda se viv\u00edan las consecuencias de la debacle de 1929, que acarreaba despidos masivos de trabajadores, los miembros de dos de las organizaciones locales, la Confederaci\u00f3n Obrera Argentina y la Uni\u00f3n Sindical Argentina, decidieron unirse para formar una Central \u00danica.<\/p>\n<p>En la actualidad, el mandato de la conducci\u00f3n que comparten H\u00e9ctor Daer y Carlos Acu\u00f1a venci\u00f3 en agosto pero la pandemia del coronavirus hizo que se postergaran para el a\u00f1o pr\u00f3ximo las elecciones en las que el camionero Pablo Moyano podr\u00eda buscar disputarle la conducci\u00f3n a los dialoguistas \u00abgordos\u00bb e \u00abindependientes\u00bb.<\/p>\n<p>La CGT atraviesa su nonag\u00e9simo aniversario en medio de un panorama de fuerte crisis econ\u00f3mica y laboral por el coronavirus; la falta de un liderazgo interno que pueda contener a todos los sectores que conviven en la central y el desaf\u00edo que propone la relaci\u00f3n con las organizaciones sociales que representan al trabajo informal.<\/p>\n<p>En ese contexto, las sindicalistas, dirigentes pol\u00edticos y funcionarios para recordar el 90\u00ba aniversario de la central obrera.<\/p>\n<p>El secretario de Prensa y miembro del Concejo Directivo, Jorge Sola, sostuvo en di\u00e1logo con T\u00e9lam Radio que \u00abno tenemos que olvidar que ha sido un int\u00e9rprete y un actor principal a lo largo de la historia pol\u00edtica\u00bb y agreg\u00f3 que esto \u00abclaramente implica un compromiso donde podamos poner al pa\u00eds nuevamente de pie\u00bb.<\/p>\n<p>El dirigente cegetista ubic\u00f3 al trabajador \u00abcomo eje central\u00bb junto a \u00abla inversi\u00f3n productiva, con mas y mejores derechos y, sobre todo, con mas y mejor trabajo\u00bb.<\/p>\n<p>En tanto, el secretario general de la Federaci\u00f3n Gr\u00e1fica Bonaerense y referente de la Corriente Federal de Trabajadores, H\u00e9ctor Amichetti, destac\u00f3 la importancia estrat\u00e9gica de la existencia de la Central Obrera al calificar su creaci\u00f3n como \u00abun acontecimiento fundamental porque sent\u00f3 un precedente de unificaci\u00f3n de todo el movimiento obrero que hasta entonces venia dividida en tres centrales sindicales\u00bb.<\/p>\n<p>Amichetti expres\u00f3 que \u00abmas all\u00e1 de sus idas y vueltas, matices, divisiones y reunificaciones\u00bb, la Confederaci\u00f3n General del Trabajo \u00absigue siendo para nosotros la referencia central\u00bb, a la vez que reclam\u00f3 retomar \u00abesa l\u00ednea program\u00e1tica que tuvo en sus \u00e9pocas mas heroicas que fueron las de la Resistencia\u00bb.<\/p>\n<p>Por su parte, Sergio Sasia, secretario general de la Uni\u00f3n Ferroviaria, sostuvo que hace falta \u00abun debate interno, serio, dejando los personalismos de lado, los egos y priorizando al mundo del trabajo\u00bb.<\/p>\n<p>Tambi\u00e9n por T\u00e9lam Radio, Sasia enfatiz\u00f3 que el movimiento obrero necesita \u00abpresentar una agenda con propuestas concretas sobre la base de la industria nacional, de la log\u00edstica, de la pol\u00edtica energ\u00e9tica, agraria, de salud, de educaci\u00f3n, de servicios\u00bb y convoc\u00f3 a \u00abdar esa batalla cultural que venimos perdiendo hace a\u00f1os en los medios y con parte de la sociedad\u00bb.<\/p>\n<p>El ministro de Trabajo, Claudio Moroni, record\u00f3 a trav\u00e9s de las redes sociales que \u00abun d\u00eda como hoy pero de 1930 se creaba la CGT\u00bb y \u00aben su 90\u00b0 aniversario\u00bb destac\u00f3 que \u00abno solo los trabajadores deben estar orgullosos de su central obrera, de su historia y de su presente, todos debemos estarlo\u00bb.<\/p>\n<p>El jefe de Gabinete, Santiago Cafiero, dijo en Twitter: \u00abA 90 a\u00f1os de la creaci\u00f3n de la CGT nuestro reconocimiento a las y los trabajadores organizados. Su historia es la historia de la conquista de los derechos laborales y sociales en la Argentina. Para reconstruir el pa\u00eds es central la unidad y el compromiso del movimiento obrero\u00bb.<\/p>\n<p>El diputado nacional Pablo Kosiner tambi\u00e9n utiliz\u00f3 las redes para conmemorar el aniversario y escribi\u00f3: \u00ab90 a\u00f1os de la #CGT no debe pasar desapercibidos, la que pele\u00f3 contra proscripci\u00f3nes, la que resisti\u00f3 a la dictadura. M\u00e1s all\u00e1 de las coyunturas. Seguramente hay mucho para evolucionar pero en esa lucha de los trabajadores estuvo tambi\u00e9n la posibilidad de recuperar la democracia\u00bb.<\/p>\n<p>\u00abA 90 a\u00f1os del nacimiento de la CGT, que alz\u00f3 la voluntad organizada de la clase trabajadora, un abrazo a compa\u00f1eros y compa\u00f1eras. Unidad en la conquista de derechos, es el camino de la justicia social,\u00bb dijo la ministra de Trabajo de la provincia de buenos Aires, Mara Ruiz Malec.<\/p>\n<p>El gremio de la construcci\u00f3n UOCRA, en tanto, apunt\u00f3 que \u00aba 90 a\u00f1os de su nacimiento, la CGT leg\u00edtima representaci\u00f3n de los intereses profesionales de las trabajadoras y trabajadores, es la reivindicaci\u00f3n de un modelo nacional de sindicalismo, con vocaci\u00f3n pol\u00edtica como instrumento de transformaci\u00f3n, para la plena vigencia de la justicia social\u00bb.<\/p>\n<h6>Fuente: Telam<\/h6>\n","protected":false},"excerpt":{"rendered":"<p>El 27 de septiembre de 1930, a s\u00f3lo tres semanas del golpe militar que derroc\u00f3 al gobierno constitucional de Hip\u00f3lito Yrigoyen, e intuyendo lo que esa dictadura provocar\u00eda en los trabajadores y en el marco de la Gran Depresi\u00f3n Mundial, las distintas corrientes de trabajadores decidieron su unificaci\u00f3n, dando origen a la CGT.<\/p>\n","protected":false},"author":2,"featured_media":107426,"comment_status":"closed","ping_status":"closed","sticky":false,"template":"","format":"standard","meta":{"footnotes":""},"categories":[8],"tags":[21],"class_list":["post-107425","post","type-post","status-publish","format-standard","has-post-thumbnail","hentry","category-informe-nacional","tag-argentina"],"_links":{"self":[{"href":"http:\/\/argentinamunicipal.com.ar\/argentina\/wp-json\/wp\/v2\/posts\/107425","targetHints":{"allow":["GET"]}}],"collection":[{"href":"http:\/\/argentinamunicipal.com.ar\/argentina\/wp-json\/wp\/v2\/posts"}],"about":[{"href":"http:\/\/argentinamunicipal.com.ar\/argentina\/wp-json\/wp\/v2\/types\/post"}],"author":[{"embeddable":true,"href":"http:\/\/argentinamunicipal.com.ar\/argentina\/wp-json\/wp\/v2\/users\/2"}],"replies":[{"embeddable":true,"href":"http:\/\/argentinamunicipal.com.ar\/argentina\/wp-json\/wp\/v2\/comments?post=107425"}],"version-history":[{"count":0,"href":"http:\/\/argentinamunicipal.com.ar\/argentina\/wp-json\/wp\/v2\/posts\/107425\/revisions"}],"wp:featuredmedia":[{"embeddable":true,"href":"http:\/\/argentinamunicipal.com.ar\/argentina\/wp-json\/wp\/v2\/media\/107426"}],"wp:attachment":[{"href":"http:\/\/argentinamunicipal.com.ar\/argentina\/wp-json\/wp\/v2\/media?parent=107425"}],"wp:term":[{"taxonomy":"category","embeddable":true,"href":"http:\/\/argentinamunicipal.com.ar\/argentina\/wp-json\/wp\/v2\/categories?post=107425"},{"taxonomy":"post_tag","embeddable":true,"href":"http:\/\/argentinamunicipal.com.ar\/argentina\/wp-json\/wp\/v2\/tags?post=107425"}],"curies":[{"name":"wp","href":"https:\/\/api.w.org\/{rel}","templated":true}]}}