{"id":107444,"date":"2020-09-28T05:00:25","date_gmt":"2020-09-28T08:00:25","guid":{"rendered":"http:\/\/argentinamunicipal.com.ar\/argentina\/?p=107444"},"modified":"2020-09-28T07:53:26","modified_gmt":"2020-09-28T10:53:26","slug":"107444-2","status":"publish","type":"post","link":"http:\/\/argentinamunicipal.com.ar\/argentina\/107444-2\/","title":{"rendered":"Santa Fe participar\u00e1 del encuentro virtual de \u00abCiudades Educadoras\u00bb"},"content":{"rendered":"<p>A partir de la ordenanza aprobada recientemente por el Honorable Concejo de Santa Fe, la capital provincial pas\u00f3 a integrar la carta mundial de ciudades educadoras. En ese marco, la ciudad de Santa Fe participar\u00e1 por primera vez del Encuentro Virtual Latinoamericano de Ciudades Educadoras.<\/p>\n<p>\u00abEs una alegr\u00eda enorme y un gran orgullo que nuestra ciudad forme parte de esta iniciativa, que nos pone en el plano internacional con nuestras experiencias, fortalezas y desaf\u00edos\u00bb, expres\u00f3 la concejala Mercedes Benedetti (FPCyS), impulsora de la iniciativa.<\/p>\n<p>Los participantes del Encuentro \u00abCiudades educadoras, ciudades que incluyen\u00bb tendr\u00e1n la oportunidad de dialogar en torno a los desaf\u00edos de la regi\u00f3n y la promoci\u00f3n de pol\u00edticas p\u00fablicas enfocadas a generar ciudades m\u00e1s iguales, inclusivas y educadoras en el contexto actual de pandemia.<\/p>\n<p>La agenda local fue trabajada por Benedetti junto un equipo conformado por Juan Cruz Gimenez, ex delegado de la regional IV de Educaci\u00f3n; Esteban Paul\u00f3n, director ejecutivo del Instituto de Pol\u00edticas P\u00fablicas LGBT+; Huaira Basaber, subsecretaria de Gesti\u00f3n Cultural y Educativa de la Municipalidad; y Laura In\u00e9s Alfonso, directora de la Oficina Regional de Ciudades Educadoras.<\/p>\n<p>El encuentro de car\u00e1cter online se realizar\u00e1 los d\u00edas 29 y 30 de septiembre junto a ciudades de Am\u00e9rica Latina. El evento incluye conferencias magistrales, paneles, talleres, foros de intercambio y una galer\u00eda de experiencias, bajo tres ejes tem\u00e1ticos: Equidad de g\u00e9nero desde una mirada local; Econom\u00edas transformadoras: nuevos desaf\u00edos y oportunidades; y La construcci\u00f3n de ciudadan\u00eda desde las infancias. Para obtener mayor informaci\u00f3n e inscripciones deber\u00e1n dirigirse a https:\/\/encuentroaicela.com\/.<\/p>\n<h6>Fuente: El Litoral<\/h6>\n","protected":false},"excerpt":{"rendered":"<p>A partir de la ordenanza aprobada recientemente por el Honorable Concejo de Santa Fe, la capital provincial pas\u00f3 a integrar la carta mundial de ciudades educadoras.<\/p>\n","protected":false},"author":2,"featured_media":107445,"comment_status":"closed","ping_status":"closed","sticky":false,"template":"","format":"standard","meta":{"footnotes":""},"categories":[2],"tags":[10],"class_list":["post-107444","post","type-post","status-publish","format-standard","has-post-thumbnail","hentry","category-informe-municipal","tag-santa-fe"],"_links":{"self":[{"href":"http:\/\/argentinamunicipal.com.ar\/argentina\/wp-json\/wp\/v2\/posts\/107444","targetHints":{"allow":["GET"]}}],"collection":[{"href":"http:\/\/argentinamunicipal.com.ar\/argentina\/wp-json\/wp\/v2\/posts"}],"about":[{"href":"http:\/\/argentinamunicipal.com.ar\/argentina\/wp-json\/wp\/v2\/types\/post"}],"author":[{"embeddable":true,"href":"http:\/\/argentinamunicipal.com.ar\/argentina\/wp-json\/wp\/v2\/users\/2"}],"replies":[{"embeddable":true,"href":"http:\/\/argentinamunicipal.com.ar\/argentina\/wp-json\/wp\/v2\/comments?post=107444"}],"version-history":[{"count":0,"href":"http:\/\/argentinamunicipal.com.ar\/argentina\/wp-json\/wp\/v2\/posts\/107444\/revisions"}],"wp:featuredmedia":[{"embeddable":true,"href":"http:\/\/argentinamunicipal.com.ar\/argentina\/wp-json\/wp\/v2\/media\/107445"}],"wp:attachment":[{"href":"http:\/\/argentinamunicipal.com.ar\/argentina\/wp-json\/wp\/v2\/media?parent=107444"}],"wp:term":[{"taxonomy":"category","embeddable":true,"href":"http:\/\/argentinamunicipal.com.ar\/argentina\/wp-json\/wp\/v2\/categories?post=107444"},{"taxonomy":"post_tag","embeddable":true,"href":"http:\/\/argentinamunicipal.com.ar\/argentina\/wp-json\/wp\/v2\/tags?post=107444"}],"curies":[{"name":"wp","href":"https:\/\/api.w.org\/{rel}","templated":true}]}}