{"id":107508,"date":"2020-09-29T20:29:00","date_gmt":"2020-09-29T23:29:00","guid":{"rendered":"http:\/\/argentinamunicipal.com.ar\/argentina\/?p=107508"},"modified":"2020-09-29T22:31:46","modified_gmt":"2020-09-30T01:31:46","slug":"creditos-de-hasta-5-millones-de-pesos-para-empresas-que-trabajen-con-el-conicet","status":"publish","type":"post","link":"http:\/\/argentinamunicipal.com.ar\/argentina\/creditos-de-hasta-5-millones-de-pesos-para-empresas-que-trabajen-con-el-conicet\/","title":{"rendered":"Cr\u00e9ditos de hasta 5 millones de pesos para empresas que trabajen con el Conicet"},"content":{"rendered":"<p>La l\u00ednea de pr\u00e9stamos establece una partida incial de 200 millones de pesos y est\u00e1 destinada a pymes que contraten servicios o realicen proyectos en conjunto con el organismo estatal.<\/p>\n<p>El Banco Credicoop y el Consejo Nacional de Investigaciones Cient\u00edficas y T\u00e9cnicas (Conicet) firmaron estes martes un convenio para proveer una l\u00ednea de pr\u00e9stamos de hasta 5 millones de pesos a empresas que contraten servicios o realicen proyectos espec\u00edficos en conjunto con el organismo cient\u00edfico.<\/p>\n<p>El acuerdo, rubricado este martes por los m\u00e1ximos responsables del Credicoop y el Conicet, Carlos Heller y Ana Mar\u00eda Franchi, contempla el otorgamiento de pr\u00e9stamos para las empresas que trabajen en proyectos de investigaci\u00f3n y desarrollo en ciencia y tecnolog\u00eda, asistencias t\u00e9cnicas y servicios tecnol\u00f3gicos de alto nivel en conjunto con el Conicet.<\/p>\n<p>La l\u00ednea inicial establece una asignaci\u00f3n de $ 200 millones, y los cr\u00e9ditos ser\u00e1n de hasta $ 5 millones, seg\u00fan las necesidades de los proyectos que se presenten. Los mismos ser\u00e1n regulados en convenios espec\u00edficos a celebrarse entre el Conicet y cada una de las empresas.<\/p>\n<p>\u00abSiempre pensamos en como asistir iniciativas de ciencia y tecnolog\u00eda y en c\u00f3mo ayudar a las pymes en incorporar valor tecnol\u00f3gico\u00bb, apunt\u00f3 el presidente del Credicoop y diputado nacional, Carlos Heller.<\/p>\n<p>Con el nuevo convenio, asegur\u00f3 Heller, \u00abse apoyar\u00e1n proyectos viables y sustentables que hacen al inter\u00e9s del crecimiento de nuestro pa\u00eds y sus organizaciones\u201d.<\/p>\n<p>Ana Mar\u00eda Franchi, por su parte, manifest\u00f3 que el convenio\u00a0\u00abrepresenta una uni\u00f3n virtuosa entre el sistema cient\u00edfico-tecnol\u00f3gico y el sector privado\u00bb.<\/p>\n<p>\u00abQue las empresas puedan tener un financiamiento en innovaci\u00f3n, redundar\u00e1 decididamente en mejorar la calidad de vida de la gente y en\u00a0construir un pa\u00eds m\u00e1s equitativo\u201d, subray\u00f3 la titular del Conicet.<\/p>\n<p>De la firma del convenio tambi\u00e9n particip\u00f3 el ministro de Ciencia, Tecnolog\u00eda e Innovaci\u00f3n, Roberto Salvarezza. \u201cQue un banco y su fundaci\u00f3n hayan puesto su esfuerzo y visi\u00f3n en proveer herramientas para el desarrollo de nuestras pymes marca un punto de inflexi\u00f3n muy interesante\u00bb, se\u00f1al\u00f3 Salvarezza.<\/p>\n<p>Seg\u00fan consider\u00f3 el ministro, este tipo de apoyos son\u00a0necesarios para que emprendedores y pymes puedan llevar adelante sus proyectos\u00a0y \u00abescalar sus emprendimientos e ir del prototipo al mercado, articulados con el sistema de ciencia y tecnolog\u00eda\u00bb.<\/p>\n<p>\u00abLa Argentina del futuro se construye con conocimiento.\u00a0En ese sentido, esta alianza estado-ciencia y sector p\u00fablico no estatal, es un orgullo\u201d, concluy\u00f3 Salvarezza.<\/p>\n<h6>Fuente: P\u00e1gina 12<\/h6>\n","protected":false},"excerpt":{"rendered":"<p>La l\u00ednea de pr\u00e9stamos establece una partida incial de 200 millones de pesos y est\u00e1 destinada a pymes que contraten servicios o realicen proyectos en conjunto con el organismo estatal.<\/p>\n","protected":false},"author":2,"featured_media":107509,"comment_status":"closed","ping_status":"closed","sticky":false,"template":"","format":"standard","meta":{"footnotes":""},"categories":[8],"tags":[21],"class_list":["post-107508","post","type-post","status-publish","format-standard","has-post-thumbnail","hentry","category-informe-nacional","tag-argentina"],"_links":{"self":[{"href":"http:\/\/argentinamunicipal.com.ar\/argentina\/wp-json\/wp\/v2\/posts\/107508","targetHints":{"allow":["GET"]}}],"collection":[{"href":"http:\/\/argentinamunicipal.com.ar\/argentina\/wp-json\/wp\/v2\/posts"}],"about":[{"href":"http:\/\/argentinamunicipal.com.ar\/argentina\/wp-json\/wp\/v2\/types\/post"}],"author":[{"embeddable":true,"href":"http:\/\/argentinamunicipal.com.ar\/argentina\/wp-json\/wp\/v2\/users\/2"}],"replies":[{"embeddable":true,"href":"http:\/\/argentinamunicipal.com.ar\/argentina\/wp-json\/wp\/v2\/comments?post=107508"}],"version-history":[{"count":0,"href":"http:\/\/argentinamunicipal.com.ar\/argentina\/wp-json\/wp\/v2\/posts\/107508\/revisions"}],"wp:featuredmedia":[{"embeddable":true,"href":"http:\/\/argentinamunicipal.com.ar\/argentina\/wp-json\/wp\/v2\/media\/107509"}],"wp:attachment":[{"href":"http:\/\/argentinamunicipal.com.ar\/argentina\/wp-json\/wp\/v2\/media?parent=107508"}],"wp:term":[{"taxonomy":"category","embeddable":true,"href":"http:\/\/argentinamunicipal.com.ar\/argentina\/wp-json\/wp\/v2\/categories?post=107508"},{"taxonomy":"post_tag","embeddable":true,"href":"http:\/\/argentinamunicipal.com.ar\/argentina\/wp-json\/wp\/v2\/tags?post=107508"}],"curies":[{"name":"wp","href":"https:\/\/api.w.org\/{rel}","templated":true}]}}