{"id":107514,"date":"2020-09-29T22:38:27","date_gmt":"2020-09-30T01:38:27","guid":{"rendered":"http:\/\/argentinamunicipal.com.ar\/argentina\/?p=107514"},"modified":"2020-09-29T22:38:27","modified_gmt":"2020-09-30T01:38:27","slug":"el-mercado-laboral-fue-arrasado-por-la-pandemia","status":"publish","type":"post","link":"http:\/\/argentinamunicipal.com.ar\/argentina\/el-mercado-laboral-fue-arrasado-por-la-pandemia\/","title":{"rendered":"El mercado laboral fue arrasado por la pandemia"},"content":{"rendered":"<p>Los principales afectados fueron quienes estaban insertos en las modalidades ocupacionales m\u00e1s precarias e inestables.<\/p>\n<p>Entre abril y junio de 2020 tuvo lugar una acelerada destrucci\u00f3n de puestos de trabajo: se contabilizaron 3,7 millones de personas ocupadas menos en todo el pa\u00eds en relaci\u00f3n al a\u00f1o pasado, inform\u00f3 el Cetyd-Idaes, que depende de la Universidad Nacional de San Mart\u00edn. M\u00e1s del 80 por ciento de la ca\u00edda del empleo se dio en el sector informal.<\/p>\n<p>\u201cLa principal expresi\u00f3n de la crisis laboral fue la muy significativa ca\u00edda de la tasa de actividad, que mide la cantidad de personas que tienen trabajo o lo buscan activamente. El indicador pas\u00f3 del 47,7 al 38,4 por ciento entre los segundos trimestres de 2019 y 2020, lo cual da cuenta que 3 millones y medio de personas se retiraron del mercado laboral, es decir, dejaron de tener trabajo o de buscarlo activamente\u201d, detalla el informe. Entre los trabajadores informales, el empleo cay\u00f3 un 44 por ciento, lo cual ubica al pa\u00eds entre los m\u00e1s afectados por la pandemia. Hacia ese segmento se dirigi\u00f3 el Ingreso Familiar de Emergencia. En cambio, la cantidad de asalariados formales s\u00f3lo se redujo en un 4 por ciento, que demuestra el impacto positivo de las medidas de preservaci\u00f3n del empleo formal.<\/p>\n<p>La fuerte ca\u00edda en la tasa de actividad en el segundo trimestre tiene relaci\u00f3n con el marco del aislamiento social dispuesto por el gobierno nacional. \u201cConsiderando las restricciones a la circulaci\u00f3n, la mayor parte de quienes perdieron su fuente de trabajo no buscaron activamente otra sino que, por el contrario, ante la imposibilidad f\u00e1ctica de hacerlo, se retiraron del mercado laboral\u201d, explica el documento. Por su parte, el desempleo se increment\u00f3 del 10,6 al 13,1 por ciento en el \u00faltimo a\u00f1o. As\u00ed, el n\u00famero de personas desocupadas aument\u00f3 en 140 mil, pasando de 2,15 millones a 2,29 millones.<\/p>\n<p>Los principales afectados por la destrucci\u00f3n de empleo fueron quienes estaban insertos en las modalidades ocupacionales m\u00e1s precarias e inestables. El 83 por ciento de la ca\u00edda del n\u00famero de ocupados se explica por los asalariados informales y los trabajadores por cuenta propia, detalla el Cetyd. En tanto, la cantidad de puestos de trabajo no registrados se redujo un 44 por ciento y el de cuentapropistas cay\u00f3 28 por ciento. \u201cEsta realidad contrast\u00f3 fuertemente con la situaci\u00f3n de los trabajadores formales en relaci\u00f3n de dependencia, ya que la reducci\u00f3n de la cantidad de personas que estaban insertas en esa modalidad ocupacional fue del 4 por ciento. Los datos oficiales dan cuenta de que las pol\u00edticas de sostenimiento del empleo implementadas por el Estado Nacional lograron mitigar el impacto de la crisis\u201d, advierte el trabajo.<\/p>\n<p>\u201cFue eficaz la prohibici\u00f3n de los despidos, el programa ATP (que consiste en el pago de salarios a los trabajadores de las empresas m\u00e1s afectadas y la reducci\u00f3n de contribuciones patronales) y el mecanismo \u00e1gil de validaci\u00f3n de suspensiones con pago del 75 por ciento del salario. Su implementaci\u00f3n permiti\u00f3 que el empleo formal en relaci\u00f3n de dependencia no fuera impactado del mismo modo que las inserciones ocupacionales m\u00e1s precarias e inestables, que fueron destinatarias del Ingreso Familiar de Emergencia, tendiente a compensar la ca\u00edda de sus ingresos\u201d, indica el informe.<\/p>\n<p>A nivel sectorial, el peor desempe\u00f1o a nivel laboral del segundo trimestre en la comparaci\u00f3n interanual se registr\u00f3 en hoteles y restaurantes (-45 por ciento), seguido de construcci\u00f3n (41 por ciento), trabajo dom\u00e9stico (-39,0), comercio (-25,0), transporte, almacenamiento y comunicaciones (-23,0), servicios financieros y de alquiler (-18,0), industria manufacturera (-17,0), actividades primarias (-12,0), ense\u00f1anza (-8,0) y servicios sociales y de salud (-8,0).<\/p>\n<h6>Fuente: P\u00e1gina 12<\/h6>\n","protected":false},"excerpt":{"rendered":"<p>Los principales afectados fueron quienes estaban insertos en las modalidades ocupacionales m\u00e1s precarias e inestables. Entre abril y junio de 2020 tuvo lugar una acelerada destrucci\u00f3n de puestos de trabajo: se contabilizaron 3,7 millones de personas ocupadas menos en todo el pa\u00eds en relaci\u00f3n al a\u00f1o pasado, inform\u00f3 el Cetyd-Idaes, que depende de la Universidad<\/p>\n","protected":false},"author":2,"featured_media":107515,"comment_status":"closed","ping_status":"closed","sticky":false,"template":"","format":"standard","meta":{"footnotes":""},"categories":[8],"tags":[21],"class_list":["post-107514","post","type-post","status-publish","format-standard","has-post-thumbnail","hentry","category-informe-nacional","tag-argentina"],"_links":{"self":[{"href":"http:\/\/argentinamunicipal.com.ar\/argentina\/wp-json\/wp\/v2\/posts\/107514","targetHints":{"allow":["GET"]}}],"collection":[{"href":"http:\/\/argentinamunicipal.com.ar\/argentina\/wp-json\/wp\/v2\/posts"}],"about":[{"href":"http:\/\/argentinamunicipal.com.ar\/argentina\/wp-json\/wp\/v2\/types\/post"}],"author":[{"embeddable":true,"href":"http:\/\/argentinamunicipal.com.ar\/argentina\/wp-json\/wp\/v2\/users\/2"}],"replies":[{"embeddable":true,"href":"http:\/\/argentinamunicipal.com.ar\/argentina\/wp-json\/wp\/v2\/comments?post=107514"}],"version-history":[{"count":0,"href":"http:\/\/argentinamunicipal.com.ar\/argentina\/wp-json\/wp\/v2\/posts\/107514\/revisions"}],"wp:featuredmedia":[{"embeddable":true,"href":"http:\/\/argentinamunicipal.com.ar\/argentina\/wp-json\/wp\/v2\/media\/107515"}],"wp:attachment":[{"href":"http:\/\/argentinamunicipal.com.ar\/argentina\/wp-json\/wp\/v2\/media?parent=107514"}],"wp:term":[{"taxonomy":"category","embeddable":true,"href":"http:\/\/argentinamunicipal.com.ar\/argentina\/wp-json\/wp\/v2\/categories?post=107514"},{"taxonomy":"post_tag","embeddable":true,"href":"http:\/\/argentinamunicipal.com.ar\/argentina\/wp-json\/wp\/v2\/tags?post=107514"}],"curies":[{"name":"wp","href":"https:\/\/api.w.org\/{rel}","templated":true}]}}