{"id":107526,"date":"2020-09-29T22:54:13","date_gmt":"2020-09-30T01:54:13","guid":{"rendered":"http:\/\/argentinamunicipal.com.ar\/argentina\/?p=107526"},"modified":"2020-09-29T22:54:13","modified_gmt":"2020-09-30T01:54:13","slug":"alberto-fernandez-llego-a-una-rosario-irrespirable-hay-que-perseguir-penalmente-a-los-que-incendian","status":"publish","type":"post","link":"http:\/\/argentinamunicipal.com.ar\/argentina\/alberto-fernandez-llego-a-una-rosario-irrespirable-hay-que-perseguir-penalmente-a-los-que-incendian\/","title":{"rendered":"Alberto Fern\u00e1ndez lleg\u00f3 a una Rosario irrespirable: \u00abHay que perseguir penalmente a los que incendian\u00bb"},"content":{"rendered":"<p>El presidente fue recibido por una multitud que exigi\u00f3 la sanci\u00f3n de la Ley de Humedales. Hay 165.108 hect\u00e1reas de campo destrozadas por el fuego en Entre R\u00edos.<\/p>\n<p>Alberto Fern\u00e1ndez\u00a0arrib\u00f3 este martes a Rosario y fue recibido por una multitud que se manifest\u00f3 en contra de los incendios que azotan al Delta del R\u00edo Panar\u00e1, en Entre R\u00edos, desde hace 9 meses. Bajo la consigna \u00abLey de humedales ya\u00bb, diferentes agrupaciones socioambientales y ciudadanos alertaron sobre la grave situaci\u00f3n de Santa Fe, donde ya casi es imposible respirar, y otras provincias del pa\u00eds.<\/p>\n<p>Atento a esto, y en el marco de la presentaci\u00f3n del plan Plan Detectar Federal, el presidente mencion\u00f3 la problem\u00e1tica durante la conferencia.<\/p>\n<p>\u00abConvivimos con el humo cotidianamente, pero lo que tenemos que trabajar en un futuro es\u00a0perseguir penalmente a los que generan esas quemas y para eso tenemos que ser inflexibles.\u00a0Eso da\u00f1a el medioambiente y la vida de los rosarios que no tiene por qu\u00e9 tolerar eso. Vamos a trabajar juntos para apagar el fuego pero ahora lo que tenemos que hacer es ser muy estrictos y detectar qui\u00e9nes son y ser impecables con ellos\u00bb, asegur\u00f3.<\/p>\n<p>Adem\u00e1s, culp\u00f3 a la sequ\u00eda por \u00abfavorecer esas quemas\u00bb y mencion\u00f3 el desastre ambiental y humano que est\u00e1 ocurriendo en C\u00f3rdoba: \u00abNo solamente lo padecen las islas que est\u00e1n frente a Rosario. El norte de C\u00f3rdoba lo est\u00e1 padeciendo y hemos puesto todo nuestro apoyo de brigadistas y aviones hidrantes para ayudar a apaciguar ese fuego\u00bb.<\/p>\n<p><strong>Miles de hect\u00e1reas quemadas<\/strong><\/p>\n<p>Seg\u00fan el reporte de este martes del\u00a0Servicio Nacional del Manejo del Fuego, entre el 1 enero y el 15 de septiembre de 2020,\u00a0en Santa Fe se quemaron 28.950 hect\u00e1reas y en Entre R\u00edos 165.108. A esta provincia le sigue C\u00f3rdoba, con 48410 hect\u00e1reas quemadas y hubo dos personas que murieron cuando intentaban frenar las llamas.<\/p>\n<p>A pesar de las palabras de Fern\u00e1ndez en torno a la penalidad de estos delitos,\u00a0Juan Cabandi\u00e9\u00a0denunci\u00f3 en varias ocasiones la complicidad de la Justicia. \u00ab\u00bfC\u00f3mo es posible que despu\u00e9s de seis meses el juez federal Alonso no haya procesado a nadie por el ecocidio en el Delta del Paran\u00e1?\u00a0El 95% de los incendios son intencionales. Desde\u00a0@AmbienteNacion\u00a0estamos presentes ayudando a las provincias a combatir el fuego.\u00a0#BastaDeQuemas\u00bb, tuite\u00f3 el 24 de septiembre.<\/p>\n<p><strong>El pedido desesperado de la ciudadan\u00eda<\/strong><\/p>\n<p>Desde la\u00a0Multisectorial Humedales, una Organizaci\u00f3n de ciudadanos autoconvocados que luchan para la conservaci\u00f3n del medioambiente y la preservaci\u00f3n del Delta del Paran\u00e1, advierten que\u00a0los incendios est\u00e1n provocados por empresarios de la agroindustria.<\/p>\n<p>\u00abFrente al ecocidio en el territorio nacional y en base a la profundizaci\u00f3n del modelo extractivista\u00a0queremos exigir un decreto de necesidad y urgencia por la emergencia medioambiental.\u00a0Malvenida a Alberto, #bastadequemas, #estadocomplice, #Estadoresponsable\u00bb, comunicaron en Instagram.<\/p>\n<h6>Fuente: Minuto Uno<\/h6>\n","protected":false},"excerpt":{"rendered":"<p>El presidente fue recibido por una multitud que exigi\u00f3 la sanci\u00f3n de la Ley de Humedales. Hay 165.108 hect\u00e1reas de campo destrozadas por el fuego en Entre R\u00edos.<\/p>\n","protected":false},"author":2,"featured_media":107527,"comment_status":"closed","ping_status":"closed","sticky":false,"template":"","format":"standard","meta":{"footnotes":""},"categories":[2],"tags":[10],"class_list":["post-107526","post","type-post","status-publish","format-standard","has-post-thumbnail","hentry","category-informe-municipal","tag-santa-fe"],"_links":{"self":[{"href":"http:\/\/argentinamunicipal.com.ar\/argentina\/wp-json\/wp\/v2\/posts\/107526","targetHints":{"allow":["GET"]}}],"collection":[{"href":"http:\/\/argentinamunicipal.com.ar\/argentina\/wp-json\/wp\/v2\/posts"}],"about":[{"href":"http:\/\/argentinamunicipal.com.ar\/argentina\/wp-json\/wp\/v2\/types\/post"}],"author":[{"embeddable":true,"href":"http:\/\/argentinamunicipal.com.ar\/argentina\/wp-json\/wp\/v2\/users\/2"}],"replies":[{"embeddable":true,"href":"http:\/\/argentinamunicipal.com.ar\/argentina\/wp-json\/wp\/v2\/comments?post=107526"}],"version-history":[{"count":0,"href":"http:\/\/argentinamunicipal.com.ar\/argentina\/wp-json\/wp\/v2\/posts\/107526\/revisions"}],"wp:featuredmedia":[{"embeddable":true,"href":"http:\/\/argentinamunicipal.com.ar\/argentina\/wp-json\/wp\/v2\/media\/107527"}],"wp:attachment":[{"href":"http:\/\/argentinamunicipal.com.ar\/argentina\/wp-json\/wp\/v2\/media?parent=107526"}],"wp:term":[{"taxonomy":"category","embeddable":true,"href":"http:\/\/argentinamunicipal.com.ar\/argentina\/wp-json\/wp\/v2\/categories?post=107526"},{"taxonomy":"post_tag","embeddable":true,"href":"http:\/\/argentinamunicipal.com.ar\/argentina\/wp-json\/wp\/v2\/tags?post=107526"}],"curies":[{"name":"wp","href":"https:\/\/api.w.org\/{rel}","templated":true}]}}