{"id":107564,"date":"2020-09-30T20:22:02","date_gmt":"2020-09-30T23:22:02","guid":{"rendered":"http:\/\/argentinamunicipal.com.ar\/argentina\/?p=107564"},"modified":"2020-09-30T21:23:39","modified_gmt":"2020-10-01T00:23:39","slug":"para-moodys-un-acuerdo-con-el-fmi-podria-ayudar-a-la-argentina-a-resolver-senales-de-mediano-plazo","status":"publish","type":"post","link":"http:\/\/argentinamunicipal.com.ar\/argentina\/para-moodys-un-acuerdo-con-el-fmi-podria-ayudar-a-la-argentina-a-resolver-senales-de-mediano-plazo\/","title":{"rendered":"Para Moody&#8217;s, un acuerdo con el FMI podr\u00eda ayudar a la Argentina a resolver se\u00f1ales de mediano plazo"},"content":{"rendered":"<p>El vicepresidente y analista senior de cr\u00e9dito de deuda soberana de la calificadora consider\u00f3 que el Gobierno \u00abva a tener que dar se\u00f1ales claras, sobre variables como por ejemplo el d\u00e9ficit fiscal, y algo de eso puede resolverse con un acuerdo con el FMI\u00bb.<\/p>\n<p>El vicepresidente y analista senior de cr\u00e9dito de deuda soberana de Moody\u00b4s Investors Service, Gabriel Torres, dijo este mi\u00e9rcoles que \u00abun nuevo acuerdo con el FMI podr\u00eda ayudar a resolver\u00bb la se\u00f1ales que el requiere el mercado respecto al desempe\u00f1o econ\u00f3mico y fiscal en el mediano plazo.<\/p>\n<p>En un seminario virtual, donde la calificadora present\u00f3 su filial local, Torres consider\u00f3 que \u00abun acuerdo con el FMI podr\u00eda resolver en el mediano plazo la inquietud sobre c\u00f3mo va a hacer el Gobierno para rectificar el desbalance macroecon\u00f3mico\u00bb.<\/p>\n<p>Para el directivo de Moody&#8217;s, \u00abel Gobierno ha evitado tener un plan espec\u00edfico, argumentando que no es f\u00e1cil que se mantenga en el tiempo, y de alg\u00fan modo lo entiendo\u00bb.<\/p>\n<p>\u00abEsperamos que el acuerdo se negocie en la primera mitad del a\u00f1o que viene y \u00abentendemos que el Gobierno no busca m\u00e1s dinero sino extender los vencimientos en el tiempo\u00bb, agreg\u00f3 Torres.<\/p>\n<p>En este sentido, consider\u00f3 que \u00abcuando el Fondo te permite hacer eso, en general otorga programa de Facilidades Extendidas, que implica alg\u00fan tipo de reformas o m\u00ednimos objetivos espec\u00edficos en lo monetario, fiscal y macroecon\u00f3mico; es lo m\u00e1s parecido que vamos a conseguir a un plan desarrollado\u00bb.<\/p>\n<p>Para Torres, \u00abla reestructuraci\u00f3n de la deuda fue un paso positivo para Argentina en la medida que resolvi\u00f3 un problema en el pago de deuda que ven\u00eda afectando a este Gobierno y el Gobierno anterior hacia el final\u00bb.<\/p>\n<p>Insisti\u00f3 en la necesidad de contar con un \u00abmercado de capitales propio\u00bb.<\/p>\n<p>\u00abEs algo que s\u00ed tiene Brasil y de lo que carece la Argentina\u00bb, acot\u00f3.<\/p>\n<p>Por \u00faltimo, reafirm\u00f3 que la calificaci\u00f3n Argentina es Ca, y por lo tanto se mantiene en el ante\u00faltimo escal\u00f3n de los 21 que tiene Moody\u00b4s.<\/p>\n<p>Dicha calificaci\u00f3n pas\u00f3 de ser negativa a estable, luego de que la firma analizara el resultado del canje de deuda en d\u00f3lares tanto de ley extranjera como local.<\/p>\n<h6>Fuente: Telam<\/h6>\n","protected":false},"excerpt":{"rendered":"<p>El vicepresidente y analista senior de cr\u00e9dito de deuda soberana de la calificadora consider\u00f3 que el Gobierno \u00abva a tener que dar se\u00f1ales claras, sobre variables como por ejemplo el d\u00e9ficit fiscal, y algo de eso puede resolverse con un acuerdo con el FMI\u00bb.<\/p>\n","protected":false},"author":2,"featured_media":107565,"comment_status":"closed","ping_status":"closed","sticky":false,"template":"","format":"standard","meta":{"footnotes":""},"categories":[8],"tags":[21],"class_list":["post-107564","post","type-post","status-publish","format-standard","has-post-thumbnail","hentry","category-informe-nacional","tag-argentina"],"_links":{"self":[{"href":"http:\/\/argentinamunicipal.com.ar\/argentina\/wp-json\/wp\/v2\/posts\/107564","targetHints":{"allow":["GET"]}}],"collection":[{"href":"http:\/\/argentinamunicipal.com.ar\/argentina\/wp-json\/wp\/v2\/posts"}],"about":[{"href":"http:\/\/argentinamunicipal.com.ar\/argentina\/wp-json\/wp\/v2\/types\/post"}],"author":[{"embeddable":true,"href":"http:\/\/argentinamunicipal.com.ar\/argentina\/wp-json\/wp\/v2\/users\/2"}],"replies":[{"embeddable":true,"href":"http:\/\/argentinamunicipal.com.ar\/argentina\/wp-json\/wp\/v2\/comments?post=107564"}],"version-history":[{"count":0,"href":"http:\/\/argentinamunicipal.com.ar\/argentina\/wp-json\/wp\/v2\/posts\/107564\/revisions"}],"wp:featuredmedia":[{"embeddable":true,"href":"http:\/\/argentinamunicipal.com.ar\/argentina\/wp-json\/wp\/v2\/media\/107565"}],"wp:attachment":[{"href":"http:\/\/argentinamunicipal.com.ar\/argentina\/wp-json\/wp\/v2\/media?parent=107564"}],"wp:term":[{"taxonomy":"category","embeddable":true,"href":"http:\/\/argentinamunicipal.com.ar\/argentina\/wp-json\/wp\/v2\/categories?post=107564"},{"taxonomy":"post_tag","embeddable":true,"href":"http:\/\/argentinamunicipal.com.ar\/argentina\/wp-json\/wp\/v2\/tags?post=107564"}],"curies":[{"name":"wp","href":"https:\/\/api.w.org\/{rel}","templated":true}]}}