{"id":107573,"date":"2020-09-30T21:44:50","date_gmt":"2020-10-01T00:44:50","guid":{"rendered":"http:\/\/argentinamunicipal.com.ar\/argentina\/?p=107573"},"modified":"2020-09-30T21:44:50","modified_gmt":"2020-10-01T00:44:50","slug":"enfrentamos-uno-de-los-incendios-mas-complicados-del-mundo-dijo-el-jefe-del-operativo","status":"publish","type":"post","link":"http:\/\/argentinamunicipal.com.ar\/argentina\/enfrentamos-uno-de-los-incendios-mas-complicados-del-mundo-dijo-el-jefe-del-operativo\/","title":{"rendered":"\u00abEnfrentamos uno de los incendios m\u00e1s complicados del mundo\u00bb, dijo el jefe del operativo"},"content":{"rendered":"<p>El director de Defensa Civil provincial, Diego Concha, asegur\u00f3 a T\u00e9lam que \u00abla zona est\u00e1 entre los 10 lugares del mundo al nivel de California, Espa\u00f1a, Portugal, Australia, por citar algunos\u00bb.<\/p>\n<p>El director de Defensa Civil, Diego Concha, que est\u00e1 a cargo de coordinar las tareas contra los incendios forestales que no cesan desde hace m\u00e1s de 10 d\u00edas en la provincia de C\u00f3rdoba, afirm\u00f3 que \u201calgunas veces las llamas superan los 15 metros de altura\u201d y que \u201cla zona est\u00e1 entre los 10 lugares del mundo al nivel de California, Espa\u00f1a, Portugal, Australia, por citar algunos, que tienen realmente incendios muy complicados\u201d.<\/p>\n<p>El funcionario dialog\u00f3 con T\u00e9lam en el centro de operaciones del Aeroclub de La Cumbre, donde agreg\u00f3 al respecto: \u201cRealmente el bombero arriesga mucho la vida, la integridad f\u00edsica. Porque estamos hablando de que los frentes de fuego llegan con mucha violencia, hay mucho bosque nativo en el lugar y con el agravante de tener las viviendas, hay muchos casos con llamas de m\u00e1s de 15 metros de altura\u201d.<\/p>\n<p>\u201cC\u00f3rdoba est\u00e1 entre los 10 lugares del mundo al nivel de California, Espa\u00f1a, Portugal, Australia, por citar algunos, que tienen realmente incendios muy complicados donde hay mucha interfase, donde el incendio forestal propiamente dicho llega a zonas urbanas o pobladas\u201d, cont\u00f3, y enfatiz\u00f3 que se toman decisiones \u201cminuto a minuto\u201d.<\/p>\n<p>\u201cCuando uno habla, le recomienda, le sugiere, le pide al vecino que no entre al frente de magnitud de fuego, es para evitar lo que ha ocurrido\u201d, con la muerte de un hombre de 35 a\u00f1os que qued\u00f3 atrapado por las llamas el pasado jueves y se le quem\u00f3 el 90% de su cuerpo.<\/p>\n<p>En ese sentido, Concha destac\u00f3 que \u201cel bombero es una persona que est\u00e1 preparada, capacitada y equipada. Para estar en el frente del fuego con la temperatura que hay y los riesgos que hay, se necesita tener la ropa ign\u00edfuga, el casco, protecci\u00f3n de la vista, guantes y el calzado apropiado\u201d.<\/p>\n<p>\u201cLa gente es siempre solidaria, pero con el af\u00e1n de querer colaborar realmente pone en riesgo su integridad f\u00edsica\u201d, remarc\u00f3 desde la base de operaciones en donde la pista de aterrizaje que utilizan los aviones hidrantes para cargar agua y arrojar en las zonas calientes, lugar donde la semana pasada el fuego lleg\u00f3 hasta dentro del predio.<\/p>\n<p>Adem\u00e1s de poner en riesgo su propia vida, los vecinos en muchas ocasiones entorpecen el accionar de los bomberos y personal afectado a las tareas de extinguir los incendios.<\/p>\n<p>La gente es siempre solidaria, pero con el af\u00e1n de querer colaborar realmente pone en riesgo su integridad f\u00edsica\u00bb.<\/p>\n<p>\u201cUn avi\u00f3n hidrante tira 3.200 litros de agua, en algunas oportunidades no pudieron hacer los disparos porque hab\u00eda gente en el per\u00edmetro. Si ese baldazo de agua, a la velocidad que viene te impacta, te mata, o te puede causar lesiones muy serias. Entonces la gente desconoce todo\u201d, se extendi\u00f3.<\/p>\n<p>El olor humo es constante en muchos de los puntos de las serran\u00edas cordobesas, y las im\u00e1genes desoladoras de ver los montes quemados y arrasados por el fuego se convierten en esperanza al ver el despliegue de los bomberos y todo el personal afectado al operativo, que en algunos casos, como en el caso de Concha, hace una semana y media que duermen solo 3 horas por d\u00eda.<\/p>\n<p>Es lamentable porque \u201cel 98 % de los incendios son generados por el hombre\u201d, cont\u00f3 el director de Defensa Civil, a la vez que afirm\u00f3 que \u201cno es un problema de C\u00f3rdoba y de Argentina, es un problema mundial que los incendios los genera la mano del hombre, muchas veces entiendo que no es por querer hacer da\u00f1o, muchas veces es negligencia\u201d.<\/p>\n<p>\u201cHemos tenido condiciones estas \u00faltimas semanas en C\u00f3rdoba de 35 grados, con un 18% de humedad, y un viento fuerte del norte con r\u00e1fagas de hasta 45 Km\/h, es un c\u00f3ctel explosivo sumado a cuatro meses y medio que no llueve\u201d, agreg\u00f3.<\/p>\n<p>Concha es especialista en trabajar en estas situaciones de emergencia ante los fuegos, con labores en otros pa\u00edses como Estados Unidos, Espa\u00f1a, Chile o Brasil, y con su experiencia remarca que en Argentina la gente act\u00faa de una manera que no es la adecuada.<\/p>\n<p>\u00abEl 98 por ciento de los incendios son generados por el hombre<\/p>\n<p>En ese sentido, el funcionario cont\u00f3: \u201cEn Estados Unidos cuando se da una orden de evacuaci\u00f3n la gente se sube a su carro, sabe cu\u00e1les son las v\u00edas de escape y se va. En Espa\u00f1a, estuvimos mucho tiempo en Barcelona, cuando se da la orden la gente sale y se retira. En Argentina se da una orden de evacuaci\u00f3n y la gente que no deber\u00eda viene a la zona del incendio. Entonces algo nos pasa como sociedad\u201d.<\/p>\n<p>\u201cEs un serio problema de educaci\u00f3n, si como sociedad no tomamos esto en serio, no podemos tener un bombero en la puerta de cada casa. Tenemos que ser todos responsables para evitar que todo nuestro monte nativo se siga quemando, que sigamos poniendo la vida de la gente en riesgo, casas en riesgo, que animales se quemen, porque es una responsabilidad de todos\u201d, destac\u00f3.<\/p>\n<p>Asimismo, resalt\u00f3 que \u201ccuando el incendio ya est\u00e1 en marcha todos se desesperan\u201d, pero asegur\u00f3 que se realizan a\u00f1o a a\u00f1o tareas de prevenci\u00f3n con campa\u00f1as dirigidas a pobladores de zonas de riego y para aquellos visitantes ocasionales.<\/p>\n<p>Sobre su tarea, Concha afirm\u00f3 que \u201chay que tener mucha coordinaci\u00f3n para el personal infante y los medios a\u00e9reos para poder proteger las viviendas, realmente es un trabajo muy complejo y de mucho riesgo\u201d.<\/p>\n<p>Por \u00faltimo, y sobre trascendidos que circularon en los \u00faltimos d\u00edas sobre la posibilidad de que los fuegos sean ocasionados intencionalmente para erosionar el terreno y que se consideren algunos lugares para desarrollos inmobiliarios u otros fines lucrativos, Concha lo neg\u00f3 de plano.<\/p>\n<p>\u201cSi alguien tiene pruebas de que se quema porque quieren hacer un loteo, es muy f\u00e1cil, que se constituya en la justicia\u201d, sostuvo y complet\u00f3: \u201cAc\u00e1 hablar y opinar por las redes sociales es muy f\u00e1cil, pero realmente hay que tener pruebas para afirmar lo que se est\u00e1 diciendo\u201d.<\/p>\n<h6>Fuente: Telam<\/h6>\n","protected":false},"excerpt":{"rendered":"<p>El director de Defensa Civil provincial, Diego Concha, asegur\u00f3 a T\u00e9lam que \u00abla zona est\u00e1 entre los 10 lugares del mundo al nivel de California, Espa\u00f1a, Portugal, Australia, por citar algunos\u00bb.<\/p>\n","protected":false},"author":2,"featured_media":107574,"comment_status":"closed","ping_status":"closed","sticky":false,"template":"","format":"standard","meta":{"footnotes":""},"categories":[2],"tags":[3],"class_list":["post-107573","post","type-post","status-publish","format-standard","has-post-thumbnail","hentry","category-informe-municipal","tag-cordoba"],"_links":{"self":[{"href":"http:\/\/argentinamunicipal.com.ar\/argentina\/wp-json\/wp\/v2\/posts\/107573","targetHints":{"allow":["GET"]}}],"collection":[{"href":"http:\/\/argentinamunicipal.com.ar\/argentina\/wp-json\/wp\/v2\/posts"}],"about":[{"href":"http:\/\/argentinamunicipal.com.ar\/argentina\/wp-json\/wp\/v2\/types\/post"}],"author":[{"embeddable":true,"href":"http:\/\/argentinamunicipal.com.ar\/argentina\/wp-json\/wp\/v2\/users\/2"}],"replies":[{"embeddable":true,"href":"http:\/\/argentinamunicipal.com.ar\/argentina\/wp-json\/wp\/v2\/comments?post=107573"}],"version-history":[{"count":0,"href":"http:\/\/argentinamunicipal.com.ar\/argentina\/wp-json\/wp\/v2\/posts\/107573\/revisions"}],"wp:featuredmedia":[{"embeddable":true,"href":"http:\/\/argentinamunicipal.com.ar\/argentina\/wp-json\/wp\/v2\/media\/107574"}],"wp:attachment":[{"href":"http:\/\/argentinamunicipal.com.ar\/argentina\/wp-json\/wp\/v2\/media?parent=107573"}],"wp:term":[{"taxonomy":"category","embeddable":true,"href":"http:\/\/argentinamunicipal.com.ar\/argentina\/wp-json\/wp\/v2\/categories?post=107573"},{"taxonomy":"post_tag","embeddable":true,"href":"http:\/\/argentinamunicipal.com.ar\/argentina\/wp-json\/wp\/v2\/tags?post=107573"}],"curies":[{"name":"wp","href":"https:\/\/api.w.org\/{rel}","templated":true}]}}