{"id":107626,"date":"2020-10-02T20:51:15","date_gmt":"2020-10-02T23:51:15","guid":{"rendered":"http:\/\/argentinamunicipal.com.ar\/argentina\/?p=107626"},"modified":"2020-10-02T20:51:15","modified_gmt":"2020-10-02T23:51:15","slug":"pobreza-e-indigencia-el-foco-de-las-politicas-publicas-deberia-estar-en-los-menores-de-14-anos","status":"publish","type":"post","link":"http:\/\/argentinamunicipal.com.ar\/argentina\/pobreza-e-indigencia-el-foco-de-las-politicas-publicas-deberia-estar-en-los-menores-de-14-anos\/","title":{"rendered":"Pobreza e indigencia: \u00abEl foco de las pol\u00edticas p\u00fablicas deber\u00eda estar en los menores de 14 a\u00f1os\u00bb"},"content":{"rendered":"<p>En el Gran Santa Fe hay 27.212 personas que ingresaron a la pobreza en un a\u00f1o. UNO Santa Fe dialog\u00f3 con la licenciada en Econom\u00eda e investigadora Mar\u00eda Eva Bellini, del Centro de Estudios para el Desarrollo Econ\u00f3mico &#8211; Benjam\u00edn Hopenhyan<\/p>\n<p>El Instituto Nacional de Estad\u00edstica y Censos (Indec) dio a conocer las cifras de la pobreza en la Argentina. El promedio nacional de ese indicador alcanz\u00f3 al 40,9 por ciento de las personas, mientras que el 10,5 por ciento de los argentinos es indigente al finalizar el primer semestre de 2020. En cuanto al Gran Santa Fe, el documento difundido por el Indec muestra n\u00fameros alarmantes. En este conglomerado urbano de 533.099 personas, hay 226.866 que son pobres y 58.150 que son indigentes. Es decir que el 42,6 por ciento de los pobladores del Gran Santa Fe son pobres y el 10,9 por ciento son indigentes.<br \/>\nUNO Santa Fe consult\u00f3 a Mar\u00eda Eva Bellini, licenciada en Econom\u00eda e investigadora del Centro de Estudios para el Desarrollo Econ\u00f3mico &#8211; Benjam\u00edn Hopenhyan para analizar c\u00f3mo estos datos afectan a las econom\u00edas regionales y qu\u00e9 se debe atender desde los cargos de decisi\u00f3n para revertir el problema.\u00a0\u00abEn el Gran Santa Fe se increment\u00f3 un 4,4 por ciento en un a\u00f1o los valores de pobreza, y m\u00e1s fuertemente en el Gran Rosario, con 6,3 por ciento.\u00a0A nivel nacional aument\u00f3 3,9 por ciento, que significan m\u00e1s de un mill\u00f3n de personas que ingresan a la pobreza\u00bb, observ\u00f3 la especialista.<br \/>\nAdem\u00e1s, destac\u00f3 sobre los indicadores: \u00abPobres son aquellas familias o personas que en funci\u00f3n a la canasta b\u00e1sica total no llegan al ingreso m\u00ednimo considerado. Mientras que el indicador de\u00a0indigencia\u00a0es para aquellos que est\u00e1n por debajo de la canasta b\u00e1sica alimentaria que se basa en los valores nutricionales m\u00ednimos que deber\u00eda tener cualquier persona seg\u00fan su sexo y edad. Quiere decir que ni siquiera alcanzan a cubrir el costo de la alimentaci\u00f3n. Las personas pobres alcanzan a cubrir eso, pero no los servicios b\u00e1sicos que garantizan una vida digna. Se vio la ca\u00edda fuerte de la actividad econ\u00f3mica y la semana pasada se vieron tambi\u00e9n los datos del mercado de trabajo, obviamente esto repercute en el nivel de vida y en las condiciones b\u00e1sicas que deber\u00eda garantizar cualquier sistema\u00bb.<\/p>\n<p>\u00abA junio los valores de la canasta b\u00e1sica alimentaria para una persona estaba en 5.834 pesos, mientras que la canasta b\u00e1sica total por adulto estaba dentro de los 14.178 pesos. Si nos vamos a los valores de hogares para un mismo per\u00edodo, de un promedio de cuatro personas, la canasta b\u00e1sica alimentaria era de 18.321 pesos mientras que la canasta total 44.521 pesos. Ser\u00edan los ingresos m\u00ednimos de un hogar de dos personas adultas y de dos menores\u00bb.<\/p>\n<p>Sobre c\u00f3mo impacta en la econom\u00eda regional, Bellini apunt\u00f3: \u00abPrincipalmente en que las familias no est\u00e1n teniendo los consumos m\u00ednimos que necesita cualquier persona para desarrollar sus actividades. Por ende, se genera un fuerte impacto en el consumo, y en relaci\u00f3n a los comercios que brindan cualquier tipo de servicio, y repercute en que tengan ca\u00eddas tambi\u00e9n en sus ingresos; lo que supone riesgo o mayor vulnerabilidad, como se ve en los indicadores del mercado de trabajo, en los puestos en cada rubro\u00bb.<\/p>\n<p>\u00abEn particular en el Gran Santa Fe, a diferencia de Rosario, hay fuerte importancia del sector p\u00fablico\u00a0que mantiene al menos una no vulnerabilidad de ingresos en instituciones administrativas estatales como el gobierno provincial y las universidades;\u00a0un fuerte sector de la econom\u00eda p\u00fablica hace recircular.\u00a0Con la restricci\u00f3n en la mitad del primer semestre por la cuarentena, muchos de los otros sectores se vieron perjudicados aunque se garantiza de parte de los Estados la continuidad de ingresos fijos. Independientemente si estos han sido actualizados o no respecto de la inflaci\u00f3n. Hay una fluidez, esos ingresos no se cortaron. Y al haber restricci\u00f3n para circular, obviamente que no pod\u00edamos consumir de la misma manera. Otro sector importante adem\u00e1s del comercio, es la construcci\u00f3n, que est\u00e1 asociado a los sectores m\u00e1s vulnerables en particular el Gran Santa Fe\u00bb, sostuvo. Y explic\u00f3 en relaci\u00f3n a la indigencia, y las\u00a0pol\u00edticas\u00a0p\u00fablicas necesarias: \u00abAlcanza a casi 60 mil personas en el Gran Santa Fe, que respecto al a\u00f1o pasado se increment\u00f3 en 27.212 personas.\u00a0Y en el Gran Rosario es bastante significativo, porque pas\u00f3 de tener 74.712 personas en esta situaci\u00f3n a 176 mil.\u00a0Hay un fuerte componente en estas personas, que son los menores de 14 a\u00f1os. No tener calidad nutricional en los primeros a\u00f1os de vida, que posibilita un mejor desarrollo cognitivo y hacia adelante en fortalecer su sistema inmunol\u00f3gico, es donde deber\u00edan estar dirigidas las pol\u00edticas p\u00fablicas para garantizar el acceso de alimentos.\u00a0En ese sentido una buena medida fue el Ingreso Familiar de Emergencia (IFE), que fue dirigido a esa poblaci\u00f3n\u00bb.<\/p>\n<p>\u00abEl gobierno nacional puso el foco en complementar la alimentaci\u00f3n de las familias y las personas. Y en el gobierno provincial hubo pol\u00edticas de distribuci\u00f3n de m\u00f3dulos alimentarios que fortaleci\u00f3 porque hay sectores que por diferentes cuestiones no acceden a las asignaciones nacionales.\u00a0Despu\u00e9s, c\u00f3mo salir adelante a partir de ahora me parece que lo va a marcar la pandemia y las pol\u00edticas que generen m\u00e1s puestos de trabajo y fortalecer las demandas del consumo. Porque tampoco nadie va a invertir en un pa\u00eds o va a abrir puertas de nuevas industrias, o comercios que lamentablemente han cerrado sus persianas si no hay consumo. Entonces, en eso tiene un rol fundamental las transferencias del Estado en sus diferentes niveles\u00bb, dijo la economista a\u00a0UNO.<\/p>\n<p>Asimismo, observ\u00f3: \u00abOtra deuda es vincular estos datos con las jefaturas de hogar, por g\u00e9nero, y tambi\u00e9n en ese sentido ser\u00eda interesante para justamente tener m\u00e1s elementos para el an\u00e1lisis que desde otros datos se observa as\u00ed. Por ejemplo se sabe que las mayores beneficiarias del IFE han sido mujeres y las del ATP tambi\u00e9n. En ese sentido hay un esfuerzo del Estado nacional por mantener los ingresos de las familias de trabajadores informales, formales o precarizados para garantizar el nivel de vida. Si esas transferencias no se hubieran estado dando tendr\u00edamos \u00edndices mucho mayores. Pero claramente en este marco de la pandemia, refleja cu\u00e1n vulnerables son los ingresos de las familias ante situaciones de crisis muy profundas. Que partimos de una base de debilitaci\u00f3n de cuatro a\u00f1os, y este 2020 fue el \u00faltimo pinchazo para que el globo termine de explotar en esta cuesti\u00f3n coyuntural que sucede a nivel mundial. Entonces, tambi\u00e9n hay que replantearse la seguridad social, para garantizar los derechos b\u00e1sicos a las personas y es a lo que el sistema econ\u00f3mico deber\u00eda dar respuesta\u00bb.<\/p>\n<h6>Fuente: Uno<\/h6>\n","protected":false},"excerpt":{"rendered":"<p>En el Gran Santa Fe hay 27.212 personas que ingresaron a la pobreza en un a\u00f1o.<\/p>\n","protected":false},"author":2,"featured_media":107627,"comment_status":"closed","ping_status":"closed","sticky":false,"template":"","format":"standard","meta":{"footnotes":""},"categories":[2],"tags":[10],"class_list":["post-107626","post","type-post","status-publish","format-standard","has-post-thumbnail","hentry","category-informe-municipal","tag-santa-fe"],"_links":{"self":[{"href":"http:\/\/argentinamunicipal.com.ar\/argentina\/wp-json\/wp\/v2\/posts\/107626","targetHints":{"allow":["GET"]}}],"collection":[{"href":"http:\/\/argentinamunicipal.com.ar\/argentina\/wp-json\/wp\/v2\/posts"}],"about":[{"href":"http:\/\/argentinamunicipal.com.ar\/argentina\/wp-json\/wp\/v2\/types\/post"}],"author":[{"embeddable":true,"href":"http:\/\/argentinamunicipal.com.ar\/argentina\/wp-json\/wp\/v2\/users\/2"}],"replies":[{"embeddable":true,"href":"http:\/\/argentinamunicipal.com.ar\/argentina\/wp-json\/wp\/v2\/comments?post=107626"}],"version-history":[{"count":0,"href":"http:\/\/argentinamunicipal.com.ar\/argentina\/wp-json\/wp\/v2\/posts\/107626\/revisions"}],"wp:featuredmedia":[{"embeddable":true,"href":"http:\/\/argentinamunicipal.com.ar\/argentina\/wp-json\/wp\/v2\/media\/107627"}],"wp:attachment":[{"href":"http:\/\/argentinamunicipal.com.ar\/argentina\/wp-json\/wp\/v2\/media?parent=107626"}],"wp:term":[{"taxonomy":"category","embeddable":true,"href":"http:\/\/argentinamunicipal.com.ar\/argentina\/wp-json\/wp\/v2\/categories?post=107626"},{"taxonomy":"post_tag","embeddable":true,"href":"http:\/\/argentinamunicipal.com.ar\/argentina\/wp-json\/wp\/v2\/tags?post=107626"}],"curies":[{"name":"wp","href":"https:\/\/api.w.org\/{rel}","templated":true}]}}