{"id":107672,"date":"2020-10-05T19:46:28","date_gmt":"2020-10-05T22:46:28","guid":{"rendered":"http:\/\/argentinamunicipal.com.ar\/argentina\/?p=107672"},"modified":"2020-10-05T19:46:28","modified_gmt":"2020-10-05T22:46:28","slug":"cafiero-en-reunion-con-empresarios-y-cgt-para-acelerar-la-reconstruccion-de-la-economia","status":"publish","type":"post","link":"http:\/\/argentinamunicipal.com.ar\/argentina\/cafiero-en-reunion-con-empresarios-y-cgt-para-acelerar-la-reconstruccion-de-la-economia\/","title":{"rendered":"Cafiero, en reuni\u00f3n con empresarios y CGT para acelerar la \u00abreconstrucci\u00f3n\u00bb de la econom\u00eda"},"content":{"rendered":"<p>Desde las 17 participan representantes de la CGT, la CTA, la CTEP, la Uni\u00f3n Industrial Argentina, las c\u00e1maras de Comercio y de la Construcci\u00f3n, y el Consejo Agroindustrial.<\/p>\n<p>El jefe de Gabinete, Santiago Cafiero, encabezaba esta tarde una reuni\u00f3n del gabinete econ\u00f3mico junto a representantes de la Uni\u00f3n Industrial Argentina (UIA), las c\u00e1maras de la construcci\u00f3n y comercio, la Confederaci\u00f3n General del Trabajo (CGT), la Central de los Trabadores de Argentina (CTA) y la Confederaci\u00f3n de Trabajadores de la Econom\u00eda Popular (CTEP), entre otros sectores,<\/p>\n<p>El encuentro, que comenz\u00f3 despu\u00e9s de las 18, tiene por objetivo acelerar la agenda de \u00abreconstrucci\u00f3n\u00bb con los sectores de la econom\u00eda despu\u00e9s de las restricciones derivadas de la pandemia de coronavirus.<\/p>\n<p>En tanto, el presidente Alberto Fern\u00e1ndez, que no participaba de esa cita, se reuni\u00f3 en la Casa Rosada con con el titular de Molinos R\u00edo de la Plata, Luis P\u00e9rez Companc, en un encuentro que fue a \u00abagenda abierta\u00bb y del que tambi\u00e9n particip\u00f3 el ministro de Econom\u00eda, Mart\u00edn Guzm\u00e1n, seg\u00fan precisaron a T\u00e9lam fuentes oficiales.<\/p>\n<p>Adem\u00e1s de Guzm\u00e1n, de la reuni\u00f3n del gabinete econ\u00f3mico participaban tambi\u00e9n los ministros de Desarrollo Productivo, Mat\u00edas Kulfas; y de Trabajo, Claudio Moroni; el presidente del Banco Central, Miguel Pesce; y la titular de la AFIP, Mercedes Marc\u00f3 del Pont.<\/p>\n<h6>Fuente: Telam<\/h6>\n","protected":false},"excerpt":{"rendered":"<p>Desde las 17 participan representantes de la CGT, la CTA, la CTEP, la Uni\u00f3n Industrial Argentina, las c\u00e1maras de Comercio y de la Construcci\u00f3n, y el Consejo Agroindustrial.<\/p>\n","protected":false},"author":2,"featured_media":107673,"comment_status":"closed","ping_status":"closed","sticky":false,"template":"","format":"standard","meta":{"footnotes":""},"categories":[8],"tags":[21],"class_list":["post-107672","post","type-post","status-publish","format-standard","has-post-thumbnail","hentry","category-informe-nacional","tag-argentina"],"_links":{"self":[{"href":"http:\/\/argentinamunicipal.com.ar\/argentina\/wp-json\/wp\/v2\/posts\/107672","targetHints":{"allow":["GET"]}}],"collection":[{"href":"http:\/\/argentinamunicipal.com.ar\/argentina\/wp-json\/wp\/v2\/posts"}],"about":[{"href":"http:\/\/argentinamunicipal.com.ar\/argentina\/wp-json\/wp\/v2\/types\/post"}],"author":[{"embeddable":true,"href":"http:\/\/argentinamunicipal.com.ar\/argentina\/wp-json\/wp\/v2\/users\/2"}],"replies":[{"embeddable":true,"href":"http:\/\/argentinamunicipal.com.ar\/argentina\/wp-json\/wp\/v2\/comments?post=107672"}],"version-history":[{"count":0,"href":"http:\/\/argentinamunicipal.com.ar\/argentina\/wp-json\/wp\/v2\/posts\/107672\/revisions"}],"wp:featuredmedia":[{"embeddable":true,"href":"http:\/\/argentinamunicipal.com.ar\/argentina\/wp-json\/wp\/v2\/media\/107673"}],"wp:attachment":[{"href":"http:\/\/argentinamunicipal.com.ar\/argentina\/wp-json\/wp\/v2\/media?parent=107672"}],"wp:term":[{"taxonomy":"category","embeddable":true,"href":"http:\/\/argentinamunicipal.com.ar\/argentina\/wp-json\/wp\/v2\/categories?post=107672"},{"taxonomy":"post_tag","embeddable":true,"href":"http:\/\/argentinamunicipal.com.ar\/argentina\/wp-json\/wp\/v2\/tags?post=107672"}],"curies":[{"name":"wp","href":"https:\/\/api.w.org\/{rel}","templated":true}]}}