{"id":107675,"date":"2020-10-05T19:54:28","date_gmt":"2020-10-05T22:54:28","guid":{"rendered":"http:\/\/argentinamunicipal.com.ar\/argentina\/?p=107675"},"modified":"2020-10-05T19:54:28","modified_gmt":"2020-10-05T22:54:28","slug":"el-gobierno-suma-respaldos-para-la-negociacion-con-el-fmi","status":"publish","type":"post","link":"http:\/\/argentinamunicipal.com.ar\/argentina\/el-gobierno-suma-respaldos-para-la-negociacion-con-el-fmi\/","title":{"rendered":"El Gobierno suma respaldos para la negociaci\u00f3n con el FMI"},"content":{"rendered":"<p>El presidente Alberto Fern\u00e1ndez se comunic\u00f3 con el primer ministro neerland\u00e9s Mark Rutte. Este nuevo apoyo se produce a horas de la llegada a la Argentina de la misi\u00f3n del Fondo Monetario Internacional.<\/p>\n<p>A hora de la llegada a la Argentina de la misi\u00f3n del Fondo Monetario Internacional (FMI), el presidente Alberto Fern\u00e1ndez mantuvo una conversaci\u00f3n telef\u00f3nica con el primer ministro de los Pa\u00edses Bajos, Mark Rutte, quien le garantiz\u00f3 la ayuda de su pa\u00eds para que la Argentina pueda \u201cllegar a un acuerdo\u201d con el organismo internacional.<\/p>\n<p>\u201cAyudaremos en todo lo que podamos con el FMI y apenas pase la crisis nos reuniremos personalmente\u201d, le dijo Rutte al jefe de Estado argentino, seg\u00fan un comunicado oficial. Fern\u00e1ndez retribuy\u00f3 p\u00fablicamente la actitud del neerland\u00e9s a trav\u00e9s de Twitter, donde realiz\u00f3 una publicaci\u00f3n para dar cuenta de la charla entre ambos.<\/p>\n<p>Fern\u00e1ndez, quien mantuvo la conversaci\u00f3n desde la Residencia de Olivos, agradeci\u00f3 el respaldo y record\u00f3 que la visita de los representantes del organismo ser\u00e1 durante esta semana. El objetivo de ese acercamiento es \u201cavanzar en la definici\u00f3n de un programa de trabajo conjunto para los pr\u00f3ximos a\u00f1os\u201d, destac\u00f3 Presidencia.<\/p>\n<p>Rutte fue quien hab\u00eda solicitado realizar un primer contacto con Fern\u00e1ndez. \u201cM\u00e1s all\u00e1 de este llamado, ya estamos en contacto en l\u00ednea telef\u00f3nica de manera permanente\u201d, dijo el premier a la vez que expres\u00f3 su coincidencia con el gobierno argentino respecto de su pol\u00edtica de \u201creconocimiento de los derechos humanos y las mujeres\u201d<\/p>\n<p>Tambi\u00e9n conversaron acerca de las estrategias para combatir la pandemia de coronavirus, en ambos pa\u00edses. Alberto Fern\u00e1ndez le inform\u00f3 el grado de avance de la Argentina en el desarrollo de la vacuna contra el coronavirus y defini\u00f3 que la postura de su administraci\u00f3n es que esa iniciativa \u201csea de bien p\u00fablico y global\u201d.<\/p>\n<p>Por otro lado, el Presidente reconoci\u00f3 los avances en materia de cooperaci\u00f3n h\u00eddrica entre ambos pa\u00edses, a partir de un acuerdo entre ese gobierno europeo y la estatal argentina AYSA, y expres\u00f3 \u201csu inter\u00e9s para que Pa\u00edses Bajos participe en la licitaci\u00f3n internacional que se realizar\u00e1 pr\u00f3ximamente: \u201cEsperamos que sea muy abierta, amplia y transparente, con la mejor cantidad de oferentes posibles\u201d, afirm\u00f3 el jefe de Estado.<\/p>\n<p>Durante la conversaci\u00f3n de la que tambi\u00e9n participaron el canciller Felipe Sol\u00e1; el secretario de Asuntos Estrat\u00e9gicos, Gustavo Beliz y el secretario general de la Presidencia, Julio Vitobello, los jefes de Estado conversaron sobre la relaci\u00f3n econ\u00f3mica entre ambas gestiones.<\/p>\n<p>\u201cDestacaron la importancia de continuar estimulando la exportaci\u00f3n de productos argentinos hacia Pa\u00edses Bajos, adem\u00e1s del mantenimiento de una agenda de cooperaci\u00f3n en asuntos de log\u00edstica portuaria, y de gesti\u00f3n h\u00eddrica y agr\u00edcola\u201d, se inform\u00f3.<\/p>\n<h6>Fuente: P\u00e1gina 12<\/h6>\n","protected":false},"excerpt":{"rendered":"<p>El presidente Alberto Fern\u00e1ndez se comunic\u00f3 con el primer ministro neerland\u00e9s Mark Rutte. Este nuevo apoyo se produce a horas de la llegada a la Argentina de la misi\u00f3n del Fondo Monetario Internacional.\u00a0<\/p>\n","protected":false},"author":2,"featured_media":107676,"comment_status":"closed","ping_status":"closed","sticky":false,"template":"","format":"standard","meta":{"footnotes":""},"categories":[8],"tags":[21],"class_list":["post-107675","post","type-post","status-publish","format-standard","has-post-thumbnail","hentry","category-informe-nacional","tag-argentina"],"_links":{"self":[{"href":"http:\/\/argentinamunicipal.com.ar\/argentina\/wp-json\/wp\/v2\/posts\/107675","targetHints":{"allow":["GET"]}}],"collection":[{"href":"http:\/\/argentinamunicipal.com.ar\/argentina\/wp-json\/wp\/v2\/posts"}],"about":[{"href":"http:\/\/argentinamunicipal.com.ar\/argentina\/wp-json\/wp\/v2\/types\/post"}],"author":[{"embeddable":true,"href":"http:\/\/argentinamunicipal.com.ar\/argentina\/wp-json\/wp\/v2\/users\/2"}],"replies":[{"embeddable":true,"href":"http:\/\/argentinamunicipal.com.ar\/argentina\/wp-json\/wp\/v2\/comments?post=107675"}],"version-history":[{"count":0,"href":"http:\/\/argentinamunicipal.com.ar\/argentina\/wp-json\/wp\/v2\/posts\/107675\/revisions"}],"wp:featuredmedia":[{"embeddable":true,"href":"http:\/\/argentinamunicipal.com.ar\/argentina\/wp-json\/wp\/v2\/media\/107676"}],"wp:attachment":[{"href":"http:\/\/argentinamunicipal.com.ar\/argentina\/wp-json\/wp\/v2\/media?parent=107675"}],"wp:term":[{"taxonomy":"category","embeddable":true,"href":"http:\/\/argentinamunicipal.com.ar\/argentina\/wp-json\/wp\/v2\/categories?post=107675"},{"taxonomy":"post_tag","embeddable":true,"href":"http:\/\/argentinamunicipal.com.ar\/argentina\/wp-json\/wp\/v2\/tags?post=107675"}],"curies":[{"name":"wp","href":"https:\/\/api.w.org\/{rel}","templated":true}]}}