{"id":107678,"date":"2020-10-05T19:57:06","date_gmt":"2020-10-05T22:57:06","guid":{"rendered":"http:\/\/argentinamunicipal.com.ar\/argentina\/?p=107678"},"modified":"2020-10-05T19:57:06","modified_gmt":"2020-10-05T22:57:06","slug":"guzman-hay-que-darle-mas-racionalidad-al-gasto-gastar-para-lo-que-mas-importa","status":"publish","type":"post","link":"http:\/\/argentinamunicipal.com.ar\/argentina\/guzman-hay-que-darle-mas-racionalidad-al-gasto-gastar-para-lo-que-mas-importa\/","title":{"rendered":"Guzm\u00e1n: \u00abHay que darle m\u00e1s racionalidad al gasto, gastar para lo que m\u00e1s importa\u00bb"},"content":{"rendered":"<p>El funcionario remarc\u00f3 que su objetivo no es bajar el gasto p\u00fablico sino enfocarlo en \u00abla recuperaci\u00f3n y el desarrollo de la econom\u00eda\u00bb. Habl\u00f3 sobre el d\u00f3lar, las reservas, el impuesto a la riqueza y el Presupuesto 2021. Descart\u00f3 una reforma laboral.<\/p>\n<p>El ministro de Econom\u00eda, Mart\u00edn Guzm\u00e1n, reconoci\u00f3 que el alza de la cotizaci\u00f3n de los d\u00f3lares alternativos y el ilegal se debe a las medidas de control cambiario ordenadas por el Gobierno, pero se\u00f1al\u00f3 que\u00a0cuidar las reservas del Banco Central asegura la estabilidad cambiaria como \u00abun pilar de la recuperaci\u00f3n\u00bb.<\/p>\n<p>El funcionario remarc\u00f3 que no es su objetivo bajar el gasto p\u00fablico y explic\u00f3 que \u00abhay que darle m\u00e1s racionalidad al gasto, gastar para lo que m\u00e1s importa, para la recuperaci\u00f3n y el desarrollo de la econom\u00eda, y eso es lo que refleja nuestra visi\u00f3n\u00bb.<\/p>\n<p>El mininistro de Econom\u00eda apunt\u00f3 que su objetivo es \u00abponer las cuentas fiscales en orden\u00bb. Lo que nosotros necesitamos es que la econom\u00eda se recupere y sostenga esa recuperaci\u00f3n, no gastar menos per se\u00bb. En esa l\u00ednea remarc\u00f3 que mucho de lo que se llama gasto \u00abes inversi\u00f3n\u00bb y que \u00abno hay pa\u00eds en el que haya funcionado el experimento de contraer el gasto en una recesi\u00f3n\u00bb.<\/p>\n<p>Guzm\u00e1n tambi\u00e9n dej\u00f3 varias definiciones sobre los debates que se esperan en el Congreso: defendi\u00f3 el avance del impuesto a la riqueza como una medida extraordinaria, confi\u00f3 que el Presupuesto 2021 marcar\u00e1 la recuperaci\u00f3n econ\u00f3mica y adelant\u00f3 que se busca una nueva f\u00f3rmula jubilatoria con \u00abun esquema atado al crecimiento econ\u00f3mico\u00bb.<\/p>\n<p>Por otra parte,\u00a0el ministro descart\u00f3 el avance de una reforma laboral y dej\u00f3 para la postpandemia el debate de la reforma tributaria, a la que describi\u00f3 como \u00abuna ley de medidas que busquen corregir deficiencias en la estructura tributaria\u00bb.<\/p>\n<p><strong>Control de cambios\u00a0<\/strong><br \/>\nEl ministro de Econom\u00eda, entrevistado el domingo por la noche en Am\u00e9rica TV, indic\u00f3 que el Gobierno ten\u00eda dos caminos para resolver la presi\u00f3n sobre las reservas del Banco Central: \u00abUno era el esquema de desdoblamiento cambiario, el otro era el esquema que se implement\u00f3.\u00a0Hay que cuidar las reservas porque es muy importante para la estabilidad cambiaria, porque es un pilar de la recuperaci\u00f3n\u00bb.<\/p>\n<p>Guzm\u00e1n reconoci\u00f3 que los controles son los que est\u00e1n empujando la cotizaci\u00f3n de los d\u00f3lares alternativos pero\u00a0asegur\u00f3 que si se abrieran los controles \u00abser\u00eda peor para la econom\u00eda y habr\u00eda m\u00e1s inflaci\u00f3n\u00bb.<\/p>\n<p>\u00abUna brecha cambiaria amplia no es buena para la econom\u00eda, pero\u00a0esos mercados cambiarios como el contado con liquidaci\u00f3n no son significativos para la macroeconom\u00eda y no reflejan la realidad argentina\u00bb, sostuvo el titular del palacio de Hacienda.<\/p>\n<p>\u00abEstas no son medidas que nos ponen contentos pero s\u00ed nos permiten proteger la situaci\u00f3n cambiaria que es un pilar de estabilidad\u00bb, subray\u00f3 Guzm\u00e1n y, ante las cr\u00edticas sobre el peligro que representa para las inversiones, apunt\u00f3:\u00a0\u00a0\u00abLa primera condici\u00f3n para invertir es la estabilidad y la alternativa de no hacer nada terminaba en una situaci\u00f3n de un salto cambiario\u00bb.<\/p>\n<p>\u00abHay pilares para la estabilidad econ\u00f3mica para una econom\u00eda tranquila. La Argentina necesita tener una deuda sostenible, necesita tener sostenibilidad fiscal y necesita que las exportaciones acompa\u00f1en el crecimiento de la econom\u00eda para no quedarse sin d\u00f3lares, y en esa direcci\u00f3n se est\u00e1 avanzando\u00bb, sentenci\u00f3.<\/p>\n<p><strong>Las debates econ\u00f3micos en el Congreso\u00a0<\/strong><br \/>\n\u00abEl presupuesto 2021 es un presupuesto para lograr la recuperaci\u00f3n econ\u00f3mica\u00bb, confi\u00f3 Guzm\u00e1n en el proyecto presentado el 15 de septiembre y lament\u00f3 que \u00absiempre hay un elemento de discrecionalidad que puede ocurrir como es el caso que ocurri\u00f3 este a\u00f1o con la pandemia\u00bb.<\/p>\n<p>En ese tono, el ministro defendi\u00f3 el impuesto a la riqueza como \u00abun aporte extraordinario por una situaci\u00f3n extraordinaria que no tiene precedente en la historia que nosotros conocemos\u00bb. \u00abLos n\u00fameros fiscales son duros porque hemos tenido que aumentar el gasto por la pandemia y cayeron los ingresos\u00bb, argument\u00f3.<\/p>\n<p>Por otra parte,\u00a0el ministro descart\u00f3 que se vaya a tratar alg\u00fan proyecto de reforma laboral\u00a0porque \u00abla principal manera de recuperar el empleo es a trav\u00e9s de la recuperaci\u00f3n econ\u00f3mica\u00bb.<\/p>\n<p>Respecto de la reforma tributaria, Guzm\u00e1n dijo que \u00abla llamar\u00edamos una ley de medidas tributarias que buscan corregir deficiencias en la estructura tributaria y hay que hacerla en los tiempos correctos porque hoy estamos viviendo tiempos de pandemia\u00bb.<\/p>\n<p>El ministro admiti\u00f3 que\u00a0\u00abse est\u00e1 avanzando en el cambio del c\u00e1lculo jubilatorio sobre la base de los principios del crecimiento compartido, la solidaridad y la sostenibilidad del sistema. Nosotros buscamos un esquema que va a estar atado al crecimiento econ\u00f3mico\u00bb.<\/p>\n<p>Guzm\u00e1n puntualiz\u00f3 que \u00abel objetivo central es la recuperaci\u00f3n econ\u00f3mica; en una econom\u00eda que se recupera, los ingresos fiscales se recuperan, lo que s\u00ed hay que hacer con el gasto, hay que darle m\u00e1s racionalidad al gasto, gastar para lo que m\u00e1s importa, para la recuperaci\u00f3n y el desarrollo de la econom\u00eda, y eso es lo que refleja nuestra visi\u00f3n\u00bb.<\/p>\n<h6>Fuente: P\u00e1gina 12<\/h6>\n","protected":false},"excerpt":{"rendered":"<p>El funcionario remarc\u00f3 que su objetivo no es bajar el gasto p\u00fablico sino enfocarlo en \u00abla recuperaci\u00f3n y el desarrollo de la econom\u00eda\u00bb. Habl\u00f3 sobre el d\u00f3lar, las reservas, el impuesto a la riqueza y el Presupuesto 2021. Descart\u00f3 una reforma laboral.<\/p>\n","protected":false},"author":2,"featured_media":107679,"comment_status":"closed","ping_status":"closed","sticky":false,"template":"","format":"standard","meta":{"footnotes":""},"categories":[8],"tags":[21],"class_list":["post-107678","post","type-post","status-publish","format-standard","has-post-thumbnail","hentry","category-informe-nacional","tag-argentina"],"_links":{"self":[{"href":"http:\/\/argentinamunicipal.com.ar\/argentina\/wp-json\/wp\/v2\/posts\/107678","targetHints":{"allow":["GET"]}}],"collection":[{"href":"http:\/\/argentinamunicipal.com.ar\/argentina\/wp-json\/wp\/v2\/posts"}],"about":[{"href":"http:\/\/argentinamunicipal.com.ar\/argentina\/wp-json\/wp\/v2\/types\/post"}],"author":[{"embeddable":true,"href":"http:\/\/argentinamunicipal.com.ar\/argentina\/wp-json\/wp\/v2\/users\/2"}],"replies":[{"embeddable":true,"href":"http:\/\/argentinamunicipal.com.ar\/argentina\/wp-json\/wp\/v2\/comments?post=107678"}],"version-history":[{"count":0,"href":"http:\/\/argentinamunicipal.com.ar\/argentina\/wp-json\/wp\/v2\/posts\/107678\/revisions"}],"wp:featuredmedia":[{"embeddable":true,"href":"http:\/\/argentinamunicipal.com.ar\/argentina\/wp-json\/wp\/v2\/media\/107679"}],"wp:attachment":[{"href":"http:\/\/argentinamunicipal.com.ar\/argentina\/wp-json\/wp\/v2\/media?parent=107678"}],"wp:term":[{"taxonomy":"category","embeddable":true,"href":"http:\/\/argentinamunicipal.com.ar\/argentina\/wp-json\/wp\/v2\/categories?post=107678"},{"taxonomy":"post_tag","embeddable":true,"href":"http:\/\/argentinamunicipal.com.ar\/argentina\/wp-json\/wp\/v2\/tags?post=107678"}],"curies":[{"name":"wp","href":"https:\/\/api.w.org\/{rel}","templated":true}]}}