{"id":107712,"date":"2020-10-05T18:27:47","date_gmt":"2020-10-05T21:27:47","guid":{"rendered":"http:\/\/argentinamunicipal.com.ar\/argentina\/?p=107712"},"modified":"2020-10-05T21:29:43","modified_gmt":"2020-10-06T00:29:43","slug":"cabandie-apagar-un-incendio-en-el-delta-del-parana-cuesta-20-millones-por-dia","status":"publish","type":"post","link":"http:\/\/argentinamunicipal.com.ar\/argentina\/cabandie-apagar-un-incendio-en-el-delta-del-parana-cuesta-20-millones-por-dia\/","title":{"rendered":"Cabandi\u00e9: \u00abApagar un incendio en el Delta del Paran\u00e1 cuesta 20 millones por d\u00eda\u00bb"},"content":{"rendered":"<p>El ministro volvi\u00f3 a manifestar su preocupaci\u00f3n por los focos activos en esa zona y por \u00abla falta de avances de la Justicia para determinar responsabilidades\u00bb.<\/p>\n<p>El ministro de Medio Ambiente y Desarrollo Sostenible, Juan Cabandi\u00e9, asegur\u00f3 hoy que \u00abapagar un incendio en el Delta del Paran\u00e1 cuesta 20 millones por d\u00eda\u00bb y se quej\u00f3 por la falta de avances de la Justicia para determinar responsabilidades.<\/p>\n<p>Seg\u00fan el funcionario nacional, los incendios del Delta de Paran\u00e1 \u00ab(los) apagamos y a los tres d\u00edas vuelven a encenderlo\u00bb.<\/p>\n<p>\u00abNos encantar\u00eda saber qui\u00e9nes son los responsables de los incendios, pero eso le corresponde a la Justicia\u00bb, a\u00f1adi\u00f3.<\/p>\n<p>En ese marco, en di\u00e1logo con Radio Continental, el titular de la cartera de Ambiente manifest\u00f3 que\u00a0\u00abla Justicia tiene que determinar qui\u00e9nes son los due\u00f1os, realizar imputaciones, indagatorias, procesamientos,\u00a0detenciones en caso de tener todos los elementos para resolver de esa manera, y esto no sucede\u00bb.<\/p>\n<p>Cabandi\u00e9 adelant\u00f3 que \u00abhay datos sorprendentes de quienes son los que queman y esas personas son las due\u00f1as de las tierras\u00bb.<\/p>\n<p>Adem\u00e1s, cont\u00f3 que hubo entre 14 o 15 imputaciones en Paran\u00e1, Entre R\u00edos, pero el juez que entiende en la causa \u00abno resuelve, se excusa y dice que no tiene todos los elementos; es ins\u00f3lito\u00bb.<\/p>\n<p>\u00abLa deforestaci\u00f3n es un grave problema\u00bb, asever\u00f3 el ministro y remarc\u00f3 que los incendios afectan nueve provincias tanto por factores clim\u00e1ticos como por causas intencionales.<\/p>\n<p>\u00abEl 95% de los fuegos son con intencionalidad por distintos motivos: por especulaci\u00f3n inmobiliaria, por uso y costumbre del sector agropecuario; y eso hace que la situaci\u00f3n sea compleja porque no hay precipitaciones y porque hay mucho material combustible acumulado en distintas provincias\u00bb, a\u00f1adi\u00f3.<\/p>\n<p>El funcionario nacional tambi\u00e9n dijo que \u00abla especulaci\u00f3n sojera o ganadera en la mayor\u00eda de los casos\u00bb es la responsable del desmonte, y que por esa raz\u00f3n su objetivo es fortalecer a los \u00abdue\u00f1os o habitantes de tierras para que en vez de ir al lado ganadero o sojero pueda tener otras herramientas productivas\u00bb.<\/p>\n<h6>Fuente: Telam<\/h6>\n","protected":false},"excerpt":{"rendered":"<p>El ministro volvi\u00f3 a manifestar su preocupaci\u00f3n por los focos activos en esa zona y por \u00abla falta de avances de la Justicia para determinar responsabilidades\u00bb.<\/p>\n","protected":false},"author":2,"featured_media":107713,"comment_status":"closed","ping_status":"closed","sticky":false,"template":"","format":"standard","meta":{"footnotes":""},"categories":[2],"tags":[17,10],"class_list":["post-107712","post","type-post","status-publish","format-standard","has-post-thumbnail","hentry","category-informe-municipal","tag-entre-rios","tag-santa-fe"],"_links":{"self":[{"href":"http:\/\/argentinamunicipal.com.ar\/argentina\/wp-json\/wp\/v2\/posts\/107712","targetHints":{"allow":["GET"]}}],"collection":[{"href":"http:\/\/argentinamunicipal.com.ar\/argentina\/wp-json\/wp\/v2\/posts"}],"about":[{"href":"http:\/\/argentinamunicipal.com.ar\/argentina\/wp-json\/wp\/v2\/types\/post"}],"author":[{"embeddable":true,"href":"http:\/\/argentinamunicipal.com.ar\/argentina\/wp-json\/wp\/v2\/users\/2"}],"replies":[{"embeddable":true,"href":"http:\/\/argentinamunicipal.com.ar\/argentina\/wp-json\/wp\/v2\/comments?post=107712"}],"version-history":[{"count":0,"href":"http:\/\/argentinamunicipal.com.ar\/argentina\/wp-json\/wp\/v2\/posts\/107712\/revisions"}],"wp:featuredmedia":[{"embeddable":true,"href":"http:\/\/argentinamunicipal.com.ar\/argentina\/wp-json\/wp\/v2\/media\/107713"}],"wp:attachment":[{"href":"http:\/\/argentinamunicipal.com.ar\/argentina\/wp-json\/wp\/v2\/media?parent=107712"}],"wp:term":[{"taxonomy":"category","embeddable":true,"href":"http:\/\/argentinamunicipal.com.ar\/argentina\/wp-json\/wp\/v2\/categories?post=107712"},{"taxonomy":"post_tag","embeddable":true,"href":"http:\/\/argentinamunicipal.com.ar\/argentina\/wp-json\/wp\/v2\/tags?post=107712"}],"curies":[{"name":"wp","href":"https:\/\/api.w.org\/{rel}","templated":true}]}}