{"id":107739,"date":"2020-10-06T21:20:36","date_gmt":"2020-10-07T00:20:36","guid":{"rendered":"http:\/\/argentinamunicipal.com.ar\/argentina\/?p=107739"},"modified":"2020-10-06T21:20:36","modified_gmt":"2020-10-07T00:20:36","slug":"georgieva-anticipo-que-el-fmi-no-pedira-ajustar-aun-mas-el-gasto","status":"publish","type":"post","link":"http:\/\/argentinamunicipal.com.ar\/argentina\/georgieva-anticipo-que-el-fmi-no-pedira-ajustar-aun-mas-el-gasto\/","title":{"rendered":"Georgieva anticip\u00f3 que el FMI no pedir\u00e1\u00a0\u00abajustar a\u00fan m\u00e1s el gasto\u00bb"},"content":{"rendered":"<p>La titular del FMI, Kristalina Georgieva, anticip\u00f3 el tono de la visita oficial del organismo multilateral que arrib\u00f3 a la Argentina el martes y sostuvo que la perspectiva de la negociaci\u00f3n estar\u00e1 centrada en que \u00aben esta crisis es importante brindar apoyo a las empresas y, lo que es m\u00e1s importante, a los trabajadores\u00bb.<\/p>\n<p>Las declaraciones de Georgieva parecen anticipar un cambio de rumbo en el perfil hist\u00f3rico del FMI ante el inicio de las negociaciones para el pago del pr\u00e9stamo record, que la anterior administraci\u00f3n del organismo le dio a la gesti\u00f3n de Mauricio Macri, por 57 mil millones de d\u00f3lares, de los cuales fueron girados 44 mil en plena campa\u00f1a electoral.<\/p>\n<p>La jefe del FMI, en di\u00e1logo con CNN en espa\u00f1ol, consider\u00f3 que la Argentina \u00abha sido golpeada dos veces, una por las dificultades econ\u00f3micas, el aumento de la pobreza, la inflaci\u00f3n; y la segunda vez por la pandemia que golpea a todos\u00bb.<\/p>\n<p>Georgieva tuvo palabras de reconocimiento para la gesti\u00f3n del presidente Alberto Fern\u00e1ndez y del ministro de Econom\u00eda, Mart\u00edn Guzm\u00e1n, al ponderar \u00ablas medidas que se han tomado para estabilizar la econom\u00eda\u00bb y valorar que se ha \u00abhecho bien en contener la pandemia\u00bb.<\/p>\n<p>\u00abSin embargo, all\u00ed, especialmente en las zonas pobres muy pobladas, todav\u00eda hay un impacto significativo en el bienestar de las personas\u00bb, resalt\u00f3 la titular del FMI, quien asegur\u00f3 que\u00a0la misi\u00f3n que arrib\u00f3 a Buenos Aires\u00a0\u00abno viene con la idea de &#8216;bueno, veamos c\u00f3mo podemos ajustar a\u00fan m\u00e1s el gasto en estos tiempos'\u00bb.<\/p>\n<p>\u00abVenimos a la Argentina, ante todo, para escuchar a las autoridades, para escuchar al pueblo argentino\u00bb, agreg\u00f3: \u00abTenemos muy claro en esta crisis que es importante brindar apoyo a las empresas y, lo que es m\u00e1s importante, a los trabajadores\u00bb.<\/p>\n<p>Georgieva asegur\u00f3 que\u00a0 la misi\u00f3n encabezada por Julie Kozack, directora adjunta del departamento del Hemisferio Occidental del FMI, y Luis Cubeddu, jefe de misi\u00f3n para Argentina, buscar\u00e1 en los encuentros con el gabinete econ\u00f3mico del Gobierno, sindicalistas y empresarios una \u00absoluci\u00f3n duradera a lo que ha sido durante tanto tiempo ciclos de auge y ca\u00edda\u00bb.<\/p>\n<p>\u00abVamos a Argentina con la mente abierta para buscar la manera de llegar a ese punto en que Argentina est\u00e9 s\u00f3lida, estable y pr\u00f3spera\u00bb, subray\u00f3.<\/p>\n<h6>Fuente: P\u00e1gina 12<\/h6>\n","protected":false},"excerpt":{"rendered":"<p>La titular del FMI, Kristalina Georgieva, anticip\u00f3 el tono de la visita oficial del organismo multilateral que arrib\u00f3 a la Argentina el martes y sostuvo que la perspectiva de la negociaci\u00f3n estar\u00e1 centrada en que \u00aben esta crisis es importante brindar apoyo a las empresas y, lo que es m\u00e1s importante, a los trabajadores\u00bb.\u00a0\u00a0<\/p>\n","protected":false},"author":2,"featured_media":107740,"comment_status":"closed","ping_status":"closed","sticky":false,"template":"","format":"standard","meta":{"footnotes":""},"categories":[8],"tags":[21],"class_list":["post-107739","post","type-post","status-publish","format-standard","has-post-thumbnail","hentry","category-informe-nacional","tag-argentina"],"_links":{"self":[{"href":"http:\/\/argentinamunicipal.com.ar\/argentina\/wp-json\/wp\/v2\/posts\/107739","targetHints":{"allow":["GET"]}}],"collection":[{"href":"http:\/\/argentinamunicipal.com.ar\/argentina\/wp-json\/wp\/v2\/posts"}],"about":[{"href":"http:\/\/argentinamunicipal.com.ar\/argentina\/wp-json\/wp\/v2\/types\/post"}],"author":[{"embeddable":true,"href":"http:\/\/argentinamunicipal.com.ar\/argentina\/wp-json\/wp\/v2\/users\/2"}],"replies":[{"embeddable":true,"href":"http:\/\/argentinamunicipal.com.ar\/argentina\/wp-json\/wp\/v2\/comments?post=107739"}],"version-history":[{"count":0,"href":"http:\/\/argentinamunicipal.com.ar\/argentina\/wp-json\/wp\/v2\/posts\/107739\/revisions"}],"wp:featuredmedia":[{"embeddable":true,"href":"http:\/\/argentinamunicipal.com.ar\/argentina\/wp-json\/wp\/v2\/media\/107740"}],"wp:attachment":[{"href":"http:\/\/argentinamunicipal.com.ar\/argentina\/wp-json\/wp\/v2\/media?parent=107739"}],"wp:term":[{"taxonomy":"category","embeddable":true,"href":"http:\/\/argentinamunicipal.com.ar\/argentina\/wp-json\/wp\/v2\/categories?post=107739"},{"taxonomy":"post_tag","embeddable":true,"href":"http:\/\/argentinamunicipal.com.ar\/argentina\/wp-json\/wp\/v2\/tags?post=107739"}],"curies":[{"name":"wp","href":"https:\/\/api.w.org\/{rel}","templated":true}]}}