{"id":107742,"date":"2020-10-06T21:26:01","date_gmt":"2020-10-07T00:26:01","guid":{"rendered":"http:\/\/argentinamunicipal.com.ar\/argentina\/?p=107742"},"modified":"2020-10-06T21:26:01","modified_gmt":"2020-10-07T00:26:01","slug":"optimismo-en-sectores-industriales-y-productivos-de-las-provincias-con-las-nuevas-medidas-economicas","status":"publish","type":"post","link":"http:\/\/argentinamunicipal.com.ar\/argentina\/optimismo-en-sectores-industriales-y-productivos-de-las-provincias-con-las-nuevas-medidas-economicas\/","title":{"rendered":"Optimismo en sectores industriales y productivos de las provincias con las nuevas medidas econ\u00f3micas"},"content":{"rendered":"<p>En un relevamiento elaborado por las corresponsal\u00edas de T\u00e9lam, empresarios y entidades del sector productivo manifestaron su respaldo a las medidas anunciadas por el gobierno nacional.<\/p>\n<p>Las medidas econ\u00f3micas anunciadas la semana pasada por el ministro de Econom\u00eda, Mart\u00edn Guzm\u00e1n, fueron recibidas con optimismo en sectores industriales y productivos de las provincias, seg\u00fan un relevamiento elaborado por las corresponsal\u00edas de T\u00e9lam.<\/p>\n<p>El presidente de la Confederaci\u00f3n Econ\u00f3mica de la\u00a0provincia de Buenos Aires\u00a0(CEPBA), Guillermo Siro, calific\u00f3 como \u00abbuenas\u00bb las medidas econ\u00f3micas anunciadas por el Gobierno nacional y consider\u00f3 que \u00abes un buen punto de partida para empezar a trabajar\u00bb.<\/p>\n<p>La actividad industrial de la\u00a0provincia de Buenos Aires\u00a0aporta el 51,5 por ciento del total del pa\u00eds con 18.276 plantas que emplean a 408.512 personas, seg\u00fan datos del Ministerio de Producci\u00f3n bonaerense.<\/p>\n<p>\u00abVemos con benepl\u00e1cito las medidas y las apoyamos porque empieza a construirse un plan econ\u00f3mico aunque no son todo lo necesarias que esper\u00e1bamos\u00bb, sostuvo Sirio y resalt\u00f3 la decisi\u00f3n de quitar retenciones para los sectores industriales \u00aby sobre todo en las Pymes, porque el C\u00f3digo internacional plantea que debe tributar el producto a la llegada al pa\u00eds y no en el pa\u00eds exportador\u00bb.<\/p>\n<p>\u00abEsto hace que la Argentina empiece a aplicar una pol\u00edtica normal de industrializaci\u00f3n donde ponemos el producto, la manufactura, el trabajo, la riqueza, la ciencia e identidad argentina y no que sea un componente impositivo nacional provincial y municipal\u00bb, concluy\u00f3 el presidente de la Confederaci\u00f3n Econ\u00f3mica.<\/p>\n<p>Desde la provincia de\u00a0Mendoza, por su parte, Patricia Ortiz, presidenta de Bodegas de Argentina, dijo a T\u00e9lam que \u00abestas nuevas medidas aportar\u00e1n la posibilidad de incrementar las exportaciones, apreciamos este tipo de pol\u00edticas que permitir\u00e1n que nuestro vino, reconocido por su calidad en el mundo, repunte las ventas en el mercado externo\u00bb.<\/p>\n<p>Seg\u00fan se indic\u00f3 la industria exporta por un total de 700 millones de d\u00f3lares y con la suba de exportaciones el ingreso de divisas crecer\u00eda en un 30%, y en esa direcci\u00f3n Ortiz agreg\u00f3 que \u00ablas ventas de vino al exterior necesitan ser apoyadas, y el plan expuesto, indica que las exportaciones llegar\u00edan a los 1.000 millones de d\u00f3lares, lo que significar\u00e1 un alivio para el sector\u00bb.<\/p>\n<p>Por su parte, Nicolas Vicchi, gerente de la Asociaci\u00f3n Cooperativas Vitivin\u00edcolas (ACOVI), dijo a T\u00e9lam que se trata de \u00abun buen comienzo, una buena idea, y que junto a otras, la ven\u00edamos solicitando con la Corporacion Vitivinicola Argentina (COVIAR), para lograr mejorar la competitividad, el acceso a los mercados y la generaci\u00f3n de valor agregado\u00bb.<\/p>\n<p>Adem\u00e1s, el empresario bodeguero y presidente de la Coviar, Jos\u00e9 Alberto Zuccardo, le dijo a esta agencia que \u00abpara nuestro sector, es un importante aumento de los reintegros a las exportaciones de vinos embotellados, vinos a granel, espumantes, y jugos de uva, y es un aumento que var\u00eda en el caso del vino a granel del 3 al 7%; en el caso de los vinos embotellados de 3,25 a 7%, en el caso de los mostos de 2,50 a 7%. Hay un impacto muy importante y creo que es bueno como mecanismo de promoci\u00f3n de las exportaciones\u00bb.<\/p>\n<p>Tambi\u00e9n Carlos Fiochetta, gerente de la Coviar, dijo que \u00absi se considera que lo que se export\u00f3 en el a\u00f1o 2019 fueron alrededor de 950 millones de d\u00f3lares, el porcentaje adicional que estar\u00e1 entre el 2,50 y el 7%, significan alrededor de casi 37 millones de d\u00f3lares adicionales en reintegros a la vitivinicultura, y ese efecto es una muy buena medida\u00bb.<\/p>\n<p>Hacia\u00a0el sur de la\u00a0provincia de Buenos Aires, fueron m\u00e1s cautos: el director Ejecutivo de la Uni\u00f3n Industrial de Bah\u00eda Blanca, Ricardo Rabbione, en d\u00edalogo con T\u00e9lam calific\u00f3 como \u00abinsuficientes\u00bb las medidas y calcul\u00f3: \u00abNo creo posible que los productores por dos o tres puntos m\u00e1s se decidan a vender, si no hay alg\u00fan otro acuerdo\u00bb, mientras el presidente de la Asociaci\u00f3n Rural de Bah\u00eda Blanca, Jos\u00e9 Antonio Irastorza, expres\u00f3 que las medidas \u00abno mejoran ni cambian la situaci\u00f3n\u00bb.<\/p>\n<p>En\u00a0Chubut, la reducci\u00f3n de las retenciones para las exportaciones no tuvo mayor incidencia en la provincia \u00absalvo algunos casos puntuales como un frigor\u00edfico en Comodoro Rivadavia que exporta carne de ovino al mercado asi\u00e1tico\u00bb, detall\u00f3 el ministro de Producci\u00f3n local, Leandro Cavaco, y reconoci\u00f3 que trabajan en una propuesta \u00abpara que el beneficio se extienda al sector lanar, donde s\u00ed se lograr\u00eda un impacto m\u00e1s notable\u00bb.<\/p>\n<p>En\u00a0Jujuy, el presidente de la Uni\u00f3n Industrial de Jujuy (UIJ), Nilo Carri\u00f3n, consider\u00f3 que las medidas \u00abno ser\u00e1n de gran impacto en las actividades de la provincia\u00bb aunque reconoci\u00f3 que \u00abson un aporte para tratar de mejorar la situaci\u00f3n precisamente por la situaci\u00f3n de coyuntura que se vive\u00bb.<\/p>\n<p>En cuanto a la reducci\u00f3n a las exportaciones de soja, el funcionario dijo que \u00absi bien Jujuy tiene la producci\u00f3n de algunas oleaginosas, el volumen es menor\u00bb aunque estim\u00f3 que las medidas pueden ser positivas en el sector de minerales, \u00abdonde entiendo que el impacto va a ser un poco mejor, aunque no cambie sustancialmente la situaci\u00f3n\u00bb.<\/p>\n<p>Por \u00faltimo, el sector agroexportador es el que manifest\u00f3 mayores dudas: desde la Bolsa de Cereales de\u00a0C\u00f3rdoba\u00a0(Bccba), un directivo de la entidad dijo a T\u00e9lam que la propuesta oficial \u00abno es a largo plazo, por lo tanto no creo que se logre el efecto que el Gobierno espera\u00bb, al tiempo que el titular local de la Federaci\u00f3n Agropecuaria Argentina (FAA), Agust\u00edn Pizzichinni, dijo que el anuncio \u00abbeneficia solo a los acopiadores que son los agroexportadoras\u00bb, aunque reconoci\u00f3 que \u00abentre las medidas hay algunas que podr\u00edan beneficiar a los peque\u00f1os y medianos productores\u00bb.<\/p>\n<p>Por \u00faltimo, en\u00a0Neuqu\u00e9n, el presidente de la Asociaci\u00f3n de Comercio, Industria y Producci\u00f3n (ACIPAN), Daniel Gonz\u00e1lez dijo T\u00e9lam que \u00abparticularmente en nuestra zona, las inversiones son muy necesarias para el desarrollo de Vaca Muerta y si no se da una l\u00ednea clara de reglas de juego a mediano y largo plazo va a ser muy dif\u00edcil\u00bb.<\/p>\n<h6>Fuente: Telam<\/h6>\n","protected":false},"excerpt":{"rendered":"<p>En un relevamiento elaborado por las corresponsal\u00edas de T\u00e9lam, empresarios y entidades del sector productivo manifestaron su respaldo a las medidas anunciadas por el gobierno nacional.<\/p>\n","protected":false},"author":2,"featured_media":107743,"comment_status":"closed","ping_status":"closed","sticky":false,"template":"","format":"standard","meta":{"footnotes":""},"categories":[8],"tags":[21],"class_list":["post-107742","post","type-post","status-publish","format-standard","has-post-thumbnail","hentry","category-informe-nacional","tag-argentina"],"_links":{"self":[{"href":"http:\/\/argentinamunicipal.com.ar\/argentina\/wp-json\/wp\/v2\/posts\/107742","targetHints":{"allow":["GET"]}}],"collection":[{"href":"http:\/\/argentinamunicipal.com.ar\/argentina\/wp-json\/wp\/v2\/posts"}],"about":[{"href":"http:\/\/argentinamunicipal.com.ar\/argentina\/wp-json\/wp\/v2\/types\/post"}],"author":[{"embeddable":true,"href":"http:\/\/argentinamunicipal.com.ar\/argentina\/wp-json\/wp\/v2\/users\/2"}],"replies":[{"embeddable":true,"href":"http:\/\/argentinamunicipal.com.ar\/argentina\/wp-json\/wp\/v2\/comments?post=107742"}],"version-history":[{"count":0,"href":"http:\/\/argentinamunicipal.com.ar\/argentina\/wp-json\/wp\/v2\/posts\/107742\/revisions"}],"wp:featuredmedia":[{"embeddable":true,"href":"http:\/\/argentinamunicipal.com.ar\/argentina\/wp-json\/wp\/v2\/media\/107743"}],"wp:attachment":[{"href":"http:\/\/argentinamunicipal.com.ar\/argentina\/wp-json\/wp\/v2\/media?parent=107742"}],"wp:term":[{"taxonomy":"category","embeddable":true,"href":"http:\/\/argentinamunicipal.com.ar\/argentina\/wp-json\/wp\/v2\/categories?post=107742"},{"taxonomy":"post_tag","embeddable":true,"href":"http:\/\/argentinamunicipal.com.ar\/argentina\/wp-json\/wp\/v2\/tags?post=107742"}],"curies":[{"name":"wp","href":"https:\/\/api.w.org\/{rel}","templated":true}]}}