{"id":107748,"date":"2020-10-06T21:31:41","date_gmt":"2020-10-07T00:31:41","guid":{"rendered":"http:\/\/argentinamunicipal.com.ar\/argentina\/?p=107748"},"modified":"2020-10-06T21:31:41","modified_gmt":"2020-10-07T00:31:41","slug":"brecha-digital-siete-de-cada-diez-escuelas-santafesinas-no-tienen-conexion-optima-a-internet","status":"publish","type":"post","link":"http:\/\/argentinamunicipal.com.ar\/argentina\/brecha-digital-siete-de-cada-diez-escuelas-santafesinas-no-tienen-conexion-optima-a-internet\/","title":{"rendered":"Brecha digital: siete de cada diez escuelas santafesinas no tienen conexi\u00f3n \u00f3ptima a internet"},"content":{"rendered":"<p>Los datos se desprenden del proyecto de ley que envi\u00f3 el gobierno provincial para la instalaci\u00f3n de m\u00e1s de 3.000 kil\u00f3metros de fibra \u00f3ptica. Adem\u00e1s, el 30 por ciento de los hogares no tiene conexi\u00f3n fija a internet.<\/p>\n<p>El proyecto para realizar un megaplan de conectividad en la provincia, adem\u00e1s de describir que se ampliar\u00e1n las redes de fibra \u00f3ptica y se buscar\u00e1 llegar a casi todas las localidades de Santa Fe, arroj\u00f3 que el 72 por ciento de los establecimientos educativos no tienen una conexi\u00f3n a internet \u00f3ptima para uso pedag\u00f3gico. Y se remarc\u00f3 que del 28 por ciento restante que s\u00ed tiene, el 66 por ciento tiene un servicio de baja calidad que no cubre las necesidades de conectividad.<\/p>\n<p>El gobierno de Omar Perotti ingres\u00f3, a finales del mes pasado, el\u00a0proyecto de ley para la \u00abinclusi\u00f3n digital\u00a0y la transformaci\u00f3n educativa \u00abSanta Fe + Conectada \u00bb\u00bb, con el que se apuesta a dar\u00a0acceso universal a Tecnolog\u00edas de la Informaci\u00f3n y las Comunicaciones (TIC) a gran parte de la provincia, para garantizar la conexi\u00f3n \u00abbajo est\u00e1ndares de calidad\u00bb.<\/p>\n<p>En principio, se establecen las\u00a0bases para un plan de obras para dotar de internet al 100 por ciento de las escuelas de la provincia\u00a0a trav\u00e9s de distintas iniciativas. El\u00a0plazo de ejecuci\u00f3n\u00a0del programa est\u00e1 previsto para los pr\u00f3ximos\u00a0cuatro a\u00f1os, en los que se pretende\u00a0extender la Red Provincial de Datos (RPD) con m\u00e1s de 3.300 kil\u00f3metros de fibra \u00f3ptica\u00a0en la provincia.<\/p>\n<p>Se trata de\u00a025 trazas troncales\u00a0que abarcan, seg\u00fan se explica en el proyecto, \u00abel\u00a054 por ciento de las localidades provinciales\u00a0pero que alcanza al\u00a095 por ciento de la poblaci\u00f3n\u00bb. Por su parte, est\u00e1 prevista la conexi\u00f3n de las localidades restantes a trav\u00e9s de radioenlaces y se busca conectar a la totalidad de barrios populares a la ya existente Red Provincial de Datos.<\/p>\n<p>El\u00a0monto total de la obra es de 124.670.000 d\u00f3lares, de los cuales 100 millones provendr\u00e1n, en caso de ser aprobado el proyecto, de un cr\u00e9dito del Banco de Desarrollo de Am\u00e9rica Latina. El resto, corresponden a \u00abrecursos de la contrapartida local\u00bb.<\/p>\n<p>Seg\u00fan un relevamiento del Ministerio de Educaci\u00f3n, formulado para el proyecto de ley,\u00a0un 15 por ciento de los docentes y un 25 por ciento del alumnado est\u00e1n en situaci\u00f3n de \u00abcarencia extrema\u00bb para afrontar un sistema basado en la virtualidad. \u00abUn porcentaje similar requiere acciones de mejora para un desempe\u00f1o optimo\u00bb, agregaron en el documento.<\/p>\n<p>La centralidad del proyecto se basa en el sistema educativo ya que\u00a0la pandemia mostr\u00f3 las ausencias de plataformas consistentes para poder llevar adelante clases y ex\u00e1menes virtuales de manera \u00f3ptima. Incluso, en el proyecto se visibiliza la cuesti\u00f3n y se afirma que \u00abla ense\u00f1anza a distancia ser\u00e1 la modalidad prioritaria por un tiempo prolongado debido a la situaci\u00f3n epidemiol\u00f3gica. El sistema educativo requerir\u00e1 de una planificaci\u00f3n de formatos escolares basados en la semipresencialidad para desarrollar la continuidad pedag\u00f3gica\u00bb.<\/p>\n<p><strong>Baja calidad<\/strong><\/p>\n<p>Desde el gobierno indicaron que buscan\u00a0cerrar la brecha digital existente en la provincia. El \u00faltimo informe trimestral del Ente Nacional de Comunicaciones (Enacom) arroj\u00f3 que el\u00a030 por ciento de los hogares en Santa Fe no tiene conexi\u00f3n fija a internet.<\/p>\n<p>Del 70 restante,\u00a0m\u00e1s del 50 por ciento tiene una calidad de conexi\u00f3n que var\u00eda entre \u00abmuy mala\u00bb (hasta 5 Mbps), \u00abmala\u00bb (de 6 a 10 Mbps) y \u00abregular\u00bb (de 11 a 20 Mbps).<\/p>\n<p>En los argumentos del proyecto se detalla que\u00a0\u00abel ancho de banda es muy bajo: 21 Mbps (megabites por segundo)\u00bb. Este dato se desprende del informe de Enacom del \u00faltimo trimestre del a\u00f1o pasado, aunque los datos extra\u00eddos por\u00a0La Capital\u00a0del \u00faltimo informe (per\u00edodo entre abril y junio de este a\u00f1o) indican que la\u00a0\u00faltima medici\u00f3n al respecto indic\u00f3 un promedio de 24 Mbps por segundo.<\/p>\n<p>De todos modos, siguiendo las cifras del \u00faltimo informe,\u00a0la provincia se encuentra por debajo de los promedios que registraron la Ciudad de Buenos Aires (60 Mbps), Provincia de Buenos Aires (46 Mbps), Catamarca (35 Mbps), Tucum\u00e1n (33 Mbps), C\u00f3rdoba (31 Mbps), Neuqu\u00e9n (29 Mbps) y Chaco (28 Mbps).<\/p>\n<p>A la par, el\u00a0proyecto sugiere la creaci\u00f3n de la sociedad an\u00f3nima \u00abSanta Fe Redes y Servicios\u00bb, con participaci\u00f3n estatal mayoritaria, y una ampliaci\u00f3n de la ley de sociedades comerciales para que la entidad mencionada sea la que \u00abimpulse y lidere\u00bb el proyecto de conectividad en la provincia.<\/p>\n<h6>Fuente: La Capital<\/h6>\n","protected":false},"excerpt":{"rendered":"<p>Los datos se desprenden del proyecto de ley que envi\u00f3 el gobierno provincial para la instalaci\u00f3n de m\u00e1s de 3.000 kil\u00f3metros de fibra \u00f3ptica. Adem\u00e1s, el 30 por ciento de los hogares no tiene conexi\u00f3n fija a internet.<\/p>\n","protected":false},"author":2,"featured_media":107749,"comment_status":"closed","ping_status":"closed","sticky":false,"template":"","format":"standard","meta":{"footnotes":""},"categories":[2],"tags":[10],"class_list":["post-107748","post","type-post","status-publish","format-standard","has-post-thumbnail","hentry","category-informe-municipal","tag-santa-fe"],"_links":{"self":[{"href":"http:\/\/argentinamunicipal.com.ar\/argentina\/wp-json\/wp\/v2\/posts\/107748","targetHints":{"allow":["GET"]}}],"collection":[{"href":"http:\/\/argentinamunicipal.com.ar\/argentina\/wp-json\/wp\/v2\/posts"}],"about":[{"href":"http:\/\/argentinamunicipal.com.ar\/argentina\/wp-json\/wp\/v2\/types\/post"}],"author":[{"embeddable":true,"href":"http:\/\/argentinamunicipal.com.ar\/argentina\/wp-json\/wp\/v2\/users\/2"}],"replies":[{"embeddable":true,"href":"http:\/\/argentinamunicipal.com.ar\/argentina\/wp-json\/wp\/v2\/comments?post=107748"}],"version-history":[{"count":0,"href":"http:\/\/argentinamunicipal.com.ar\/argentina\/wp-json\/wp\/v2\/posts\/107748\/revisions"}],"wp:featuredmedia":[{"embeddable":true,"href":"http:\/\/argentinamunicipal.com.ar\/argentina\/wp-json\/wp\/v2\/media\/107749"}],"wp:attachment":[{"href":"http:\/\/argentinamunicipal.com.ar\/argentina\/wp-json\/wp\/v2\/media?parent=107748"}],"wp:term":[{"taxonomy":"category","embeddable":true,"href":"http:\/\/argentinamunicipal.com.ar\/argentina\/wp-json\/wp\/v2\/categories?post=107748"},{"taxonomy":"post_tag","embeddable":true,"href":"http:\/\/argentinamunicipal.com.ar\/argentina\/wp-json\/wp\/v2\/tags?post=107748"}],"curies":[{"name":"wp","href":"https:\/\/api.w.org\/{rel}","templated":true}]}}