{"id":107800,"date":"2020-10-07T20:11:58","date_gmt":"2020-10-07T23:11:58","guid":{"rendered":"http:\/\/argentinamunicipal.com.ar\/argentina\/?p=107800"},"modified":"2020-10-07T20:11:58","modified_gmt":"2020-10-07T23:11:58","slug":"se-pone-en-marcha-el-programa-no-mas-ranchos-en-santa-fe","status":"publish","type":"post","link":"http:\/\/argentinamunicipal.com.ar\/argentina\/se-pone-en-marcha-el-programa-no-mas-ranchos-en-santa-fe\/","title":{"rendered":"Se pone en marcha el programa \u00abNo m\u00e1s ranchos en Santa Fe\u00bb"},"content":{"rendered":"<p>En la zona ser\u00e1n 115 las viviendas precarias a intervenir. Luego el trabajo continuar\u00e1 en San Agust\u00edn II y la Manzana 3 de Alto Verde.<\/p>\n<p>El programa \u00abNo m\u00e1s ranchos en Santa Fe\u00bb es una iniciativa del \u201cMovimiento los sin Techo\u201d, que se viene llevando a cabo (a veces con otros nombres) desde el a\u00f1o 1990. Es decir, independientemente que hayan cambiado los gobiernos, y sobre todo los \u201ccolores pol\u00edticos\u201d,, el objetivo de erradicar ranchos sigue vigente.<\/p>\n<p>En esta oportunidad, los primeros beneficiarios ser\u00e1n los vecinos de Barrio Las Lomas. Jos\u00e9 Luis Zalazar, uno de los referentes del \u201cLos sin Techo\u201d, dialog\u00f3 con El Litoral para dar detalles de lo que se pone en marcha este jueves.<\/p>\n<p>\u201cEn el barrio la Loma comienza oficialmente el programa \u2018No m\u00e1s ranchos en Santa Fe\u2019. Un convenio firmado con el gobierno de la provincia para erradicar 1750 ranchos que hay, aproximadamente, censados en la ciudad de Santa Fe. En el Las Lomas hay 115 ranchos que comenzaremos a erradicar. Este jueves ser\u00e1n seis y se har\u00e1 en etapas de 30\u201d.<\/p>\n<p>\u201cEl Gobierno de la provincia financia las casas y los Sin Techo con los vecinos las levantamos. Adem\u00e1s el Ministerio de Infraestructura, se encarga de la urbanizaci\u00f3n, o sea apertura de calles, mejorado de las mismas, veredas, iluminaci\u00f3n p\u00fablica, luz domiciliaria y agua. Es decir, un proyecto integral en todo el barrio\u201d, explic\u00f3 Zalazar, quien adem\u00e1s agreg\u00f3 que \u201cno se traslada a los vecinos a otro barrio, un punto muy interesante del proyecto, teniendo en cuenta que el desarraigo no es lindo para nadie\u201d.<\/p>\n<p>En aproximadamente dos semanas, deber\u00edan estar techadas unas 20 casas. De esa manera pasar\u00e1 a ser un barrio mucho m\u00e1s organizado. Luego se intervendr\u00eda San Agust\u00edn II y el tercer lugar ser\u00eda la Manzana 3 de Alto Verde. Posteriormente se avanzar\u00eda en otros barrios.<\/p>\n<p>\u201cEn Las Lomas estamos trabajando desde 1990, donde ya construimos unas 200 casas, dos jardines maternales, un aula de comunicaci\u00f3n, dos comedores, un centro comunitario, un centro de salud. Las Lomas era nada en el &#8217;90, s\u00f3lo hab\u00eda 10 pisaderos que hac\u00edan ladrillos. Villa Oculta, Barranquitas Sur y Oeste y Las Lomitas, tambi\u00e9n son barrios donde se concretaron estos trabajos. Algo que siempre fue el sue\u00f1o del padre Atilio Rosso quien dec\u00eda \u2018Quebremos la herencia de la pobreza. Con el amor como fuerza, y con la educaci\u00f3n, las obras y el trabajo como instrumentos\u201d, finaliz\u00f3 Zalazar.<\/p>\n<h6>Fuente: El Litoral<\/h6>\n","protected":false},"excerpt":{"rendered":"<p>En la zona ser\u00e1n 115 las viviendas precarias a intervenir. Luego el trabajo continuar\u00e1 en San Agust\u00edn II y la Manzana 3 de Alto Verde.<\/p>\n","protected":false},"author":2,"featured_media":107801,"comment_status":"closed","ping_status":"closed","sticky":false,"template":"","format":"standard","meta":{"footnotes":""},"categories":[2],"tags":[10],"class_list":["post-107800","post","type-post","status-publish","format-standard","has-post-thumbnail","hentry","category-informe-municipal","tag-santa-fe"],"_links":{"self":[{"href":"http:\/\/argentinamunicipal.com.ar\/argentina\/wp-json\/wp\/v2\/posts\/107800","targetHints":{"allow":["GET"]}}],"collection":[{"href":"http:\/\/argentinamunicipal.com.ar\/argentina\/wp-json\/wp\/v2\/posts"}],"about":[{"href":"http:\/\/argentinamunicipal.com.ar\/argentina\/wp-json\/wp\/v2\/types\/post"}],"author":[{"embeddable":true,"href":"http:\/\/argentinamunicipal.com.ar\/argentina\/wp-json\/wp\/v2\/users\/2"}],"replies":[{"embeddable":true,"href":"http:\/\/argentinamunicipal.com.ar\/argentina\/wp-json\/wp\/v2\/comments?post=107800"}],"version-history":[{"count":0,"href":"http:\/\/argentinamunicipal.com.ar\/argentina\/wp-json\/wp\/v2\/posts\/107800\/revisions"}],"wp:featuredmedia":[{"embeddable":true,"href":"http:\/\/argentinamunicipal.com.ar\/argentina\/wp-json\/wp\/v2\/media\/107801"}],"wp:attachment":[{"href":"http:\/\/argentinamunicipal.com.ar\/argentina\/wp-json\/wp\/v2\/media?parent=107800"}],"wp:term":[{"taxonomy":"category","embeddable":true,"href":"http:\/\/argentinamunicipal.com.ar\/argentina\/wp-json\/wp\/v2\/categories?post=107800"},{"taxonomy":"post_tag","embeddable":true,"href":"http:\/\/argentinamunicipal.com.ar\/argentina\/wp-json\/wp\/v2\/tags?post=107800"}],"curies":[{"name":"wp","href":"https:\/\/api.w.org\/{rel}","templated":true}]}}