{"id":107803,"date":"2020-10-07T20:15:02","date_gmt":"2020-10-07T23:15:02","guid":{"rendered":"http:\/\/argentinamunicipal.com.ar\/argentina\/?p=107803"},"modified":"2020-10-07T20:15:02","modified_gmt":"2020-10-07T23:15:02","slug":"una-familia-rosarina-de-clase-media-necesito-casi-70-mil-pesos-para-vivir-en-septiembre","status":"publish","type":"post","link":"http:\/\/argentinamunicipal.com.ar\/argentina\/una-familia-rosarina-de-clase-media-necesito-casi-70-mil-pesos-para-vivir-en-septiembre\/","title":{"rendered":"Una familia rosarina de clase media necesit\u00f3 casi 70 mil pesos para vivir en septiembre"},"content":{"rendered":"<p>Seg\u00fan el relevamiento realizado por el Cesyac, el mayor porcentaje fue para afrontar los servicios b\u00e1sicos para el hogar y alimentos.<\/p>\n<p>Una familia de clase media compuesta por cuatro integrantes necesit\u00f3 69.400 pesos para vivir en septiembre, de acuerdo al informe de precios elaborado por el Centro de Educaci\u00f3n, Servicios y Asesoramiento al Consumidor (Cesyac).<br \/>\nDe esa cantidad de dinero que necesit\u00f3 una familia rosarina para afrontar los gastos de septiembre, 22.966,33 pesos fueron destinados a los alimentos mientras que\u00a046.434,19 pesos fueron utilizados para servicios b\u00e1sicos del hogar.<br \/>\nSeg\u00fan esta medici\u00f3n, la\u00a0canasta\u00a0subi\u00f3 1,80 por ciento en relaci\u00f3n al mes de agosto y acumul\u00f3 una variaci\u00f3n de 28 por ciento interanual. En lo que va del 2020, el incremento de los\u00a0bienes y servicios de consumo de un hogar rosarino fue de \u00abm\u00e1s de 7.700 pesos\u00a0(13,39 por ciento)\u00bb.<\/p>\n<p>Desde el Cesyac, Ignacio Pandullo asegur\u00f3 que \u00abeste es el cuarto mes consecutivo donde relevamos incrementos de precios. Cada vez est\u00e1 m\u00e1s dif\u00edcil llegar a la canasta porque la mayor\u00eda de los incrementos se dan en rubros esenciales, de los cuales no podemos prescindir. En el supermercado nos encontramos con sorpresas\u00bb.<\/p>\n<p>En ese sentido, detall\u00f3 que\u00a0\u00abvolvi\u00f3 a subir el costo de la Canasta B\u00e1sica. Esta vez, estuvo impulsada por el precio de los alimentos.\u00a0Hubo fuertes subas en los comestibles envasados (17,54 por ciento), Frutas y Verduras (10,37 por ciento) y Bebidas (4,50 por ciento). Tambi\u00e9n incrementaron su valor los productos de limpieza, el combustible y las bebidas\u00bb.<\/p>\n<h6>Fuente: La Capital<\/h6>\n","protected":false},"excerpt":{"rendered":"<p>Seg\u00fan el relevamiento realizado por el Cesyac, el mayor porcentaje fue para afrontar los servicios b\u00e1sicos para el hogar y alimentos.<\/p>\n","protected":false},"author":2,"featured_media":107804,"comment_status":"closed","ping_status":"closed","sticky":false,"template":"","format":"standard","meta":{"footnotes":""},"categories":[5],"tags":[10],"class_list":["post-107803","post","type-post","status-publish","format-standard","has-post-thumbnail","hentry","category-informe-economico","tag-santa-fe"],"_links":{"self":[{"href":"http:\/\/argentinamunicipal.com.ar\/argentina\/wp-json\/wp\/v2\/posts\/107803","targetHints":{"allow":["GET"]}}],"collection":[{"href":"http:\/\/argentinamunicipal.com.ar\/argentina\/wp-json\/wp\/v2\/posts"}],"about":[{"href":"http:\/\/argentinamunicipal.com.ar\/argentina\/wp-json\/wp\/v2\/types\/post"}],"author":[{"embeddable":true,"href":"http:\/\/argentinamunicipal.com.ar\/argentina\/wp-json\/wp\/v2\/users\/2"}],"replies":[{"embeddable":true,"href":"http:\/\/argentinamunicipal.com.ar\/argentina\/wp-json\/wp\/v2\/comments?post=107803"}],"version-history":[{"count":0,"href":"http:\/\/argentinamunicipal.com.ar\/argentina\/wp-json\/wp\/v2\/posts\/107803\/revisions"}],"wp:featuredmedia":[{"embeddable":true,"href":"http:\/\/argentinamunicipal.com.ar\/argentina\/wp-json\/wp\/v2\/media\/107804"}],"wp:attachment":[{"href":"http:\/\/argentinamunicipal.com.ar\/argentina\/wp-json\/wp\/v2\/media?parent=107803"}],"wp:term":[{"taxonomy":"category","embeddable":true,"href":"http:\/\/argentinamunicipal.com.ar\/argentina\/wp-json\/wp\/v2\/categories?post=107803"},{"taxonomy":"post_tag","embeddable":true,"href":"http:\/\/argentinamunicipal.com.ar\/argentina\/wp-json\/wp\/v2\/tags?post=107803"}],"curies":[{"name":"wp","href":"https:\/\/api.w.org\/{rel}","templated":true}]}}