{"id":107819,"date":"2020-10-07T17:13:14","date_gmt":"2020-10-07T20:13:14","guid":{"rendered":"http:\/\/argentinamunicipal.com.ar\/argentina\/?p=107819"},"modified":"2020-10-08T06:19:32","modified_gmt":"2020-10-08T09:19:32","slug":"el-gobierno-firmo-un-convenio-para-la-conservacion-de-los-archivos-de-abuelas-de-plaza-de-mayo","status":"publish","type":"post","link":"http:\/\/argentinamunicipal.com.ar\/argentina\/el-gobierno-firmo-un-convenio-para-la-conservacion-de-los-archivos-de-abuelas-de-plaza-de-mayo\/","title":{"rendered":"El Gobierno firm\u00f3 un convenio para la conservaci\u00f3n de los archivos de Abuelas de Plaza de Mayo"},"content":{"rendered":"<p>Durante una videoconferencia, el ministro del Interior, Eduardo de Pedro, y Estela De Carlotto celebraron el acuerdo que permitir\u00e1 que \u00ablas historias de las Abuelas puedan ser procesadas, digitalizadas y pasen a ser parte de la memoria del Estado nacional y de la memoria de todos los argentinos y argentinas\u00bb.<\/p>\n<p>El ministro del Interior, Eduardo de Pedro, y la titular de Abuelas de Plaza de Mayo, Estela de Carlotto, firmaron este mi\u00e9rcoles un convenio de cooperaci\u00f3n para la asistencia t\u00e9cnica en la conservaci\u00f3n del archivo de Abuelas a trav\u00e9s del Archivo General de la Naci\u00f3n (AGN).<\/p>\n<p>El acuerdo, que se efectu\u00f3 de manera remota, se realiz\u00f3 para que \u00abla memoria de la lucha de las Abuelas y las historias de las Abuelas puedan ser procesadas, digitalizadas y pasen a ser parte de la memoria del Estado nacional y de la memoria de todos los argentinos y argentinas\u00bb. Del evento tambi\u00e9n particip\u00f3 &#8211;siempre de manera virtual&#8211; el secretario de Derechos Humanos de la Naci\u00f3n, Horacio Pietragalla Corti.<\/p>\n<p>Durante una videoconferencia desde el Sal\u00f3n de los Escudos de Casa Rosada, De Pedro afirm\u00f3 que van a \u00abapoyar\u00bb y \u00abasistir\u00bb a Abuelas en un trabajo que es \u00abmet\u00f3dico, pesado, que tiene que ver con la organizaci\u00f3n, la digitalizaci\u00f3n y el guardado y la conservaci\u00f3n de todos los archivos personales\u00bb.<\/p>\n<p>Seg\u00fan se indic\u00f3 en un comunicado oficial, el ministro afirm\u00f3 que las Abuelas \u00abcuentan con todo el Ministerio, con todo el AGN y con un Gobierno que tambi\u00e9n sigue los principios de Memoria, Verdad y Justicia\u00bb.\u00a0\u00abVamos a seguir la lucha de las Abuelas hasta que podamos encontrar al \u00faltimo nieto o la \u00faltima nieta\u00bb,\u00a0resalt\u00f3 De Pedro.<\/p>\n<p>Por su parte,\u00a0Carlotto agradeci\u00f3 la iniciativa y remarc\u00f3 que este convenio permitir\u00e1 \u00abregistrar la memoria de un archivo palabra por palabra,\u00a0adem\u00e1s de los archivos personales que tienen las Abuelas\u00bb.<\/p>\n<p>\u00abMe emociona ver a Wado en un rol tan importante en este gobierno que nos trae esperanzas, que nos trae verdades. Quedamos muy poquitas abuelas pero tenemos fuerzas y las fuerzas nos la dan ustedes que son los j\u00f3venes del presente y del futuro\u00bb, enfatiz\u00f3 la presidenta de Abuelas de Plaza de Mayo.<\/p>\n<p>Con elementos de las historias de vida, de la historia oral, de entrevistas realizadas por el propio organismo, Abuelas de Plaza de Mayo comenz\u00f3 a organizar su Archivo Biogr\u00e1fico Familiar en 1998. Se propuso as\u00ed recuperar y reconstruir, a trav\u00e9s de los relatos de quienes los conocieron, las historias de vida de las personas desaparecidas, cuyos hijos fueron apropiados entre 1975- 1983.<\/p>\n<p>Preservando estos relatos en el tiempo, las Abuelas garantizan el derecho a la identidad de cada nieto. Ellos son los destinatarios de cada archivo biogr\u00e1fico y la suma de todos recupera una historia colectiva y generacional, que ahora estar\u00e1 tambi\u00e9n resguardada, digitalizada, y metodol\u00f3gicamente ordenada por el Archivo General de la Naci\u00f3n.<\/p>\n<p>Participaron del encuentro el secretario del Interior, Jos\u00e9 Lepere; la directora de Gesti\u00f3n de Fondos Documentales de la AGN, Samanta Casareto. Tambi\u00e9n estuvieron presentes, por Abuelas de Plaza de Mayo, Pablo Wybert, Clarisa Veiga, y el responsable del Archivo Biogr\u00e1fico Familiar de la organizaci\u00f3n, Marcelo Castillo.<\/p>\n<h6>Fuente: P\u00e1gina 12<\/h6>\n","protected":false},"excerpt":{"rendered":"<p>Durante una videoconferencia, el ministro del Interior, Eduardo de Pedro, y Estela De Carlotto celebraron el acuerdo que permitir\u00e1 que \u00ablas historias de las Abuelas puedan ser procesadas, digitalizadas y pasen a ser parte de la memoria del Estado nacional y de la memoria de todos los argentinos y argentinas\u00bb.<\/p>\n","protected":false},"author":2,"featured_media":107820,"comment_status":"closed","ping_status":"closed","sticky":false,"template":"","format":"standard","meta":{"footnotes":""},"categories":[8],"tags":[21],"class_list":["post-107819","post","type-post","status-publish","format-standard","has-post-thumbnail","hentry","category-informe-nacional","tag-argentina"],"_links":{"self":[{"href":"http:\/\/argentinamunicipal.com.ar\/argentina\/wp-json\/wp\/v2\/posts\/107819","targetHints":{"allow":["GET"]}}],"collection":[{"href":"http:\/\/argentinamunicipal.com.ar\/argentina\/wp-json\/wp\/v2\/posts"}],"about":[{"href":"http:\/\/argentinamunicipal.com.ar\/argentina\/wp-json\/wp\/v2\/types\/post"}],"author":[{"embeddable":true,"href":"http:\/\/argentinamunicipal.com.ar\/argentina\/wp-json\/wp\/v2\/users\/2"}],"replies":[{"embeddable":true,"href":"http:\/\/argentinamunicipal.com.ar\/argentina\/wp-json\/wp\/v2\/comments?post=107819"}],"version-history":[{"count":0,"href":"http:\/\/argentinamunicipal.com.ar\/argentina\/wp-json\/wp\/v2\/posts\/107819\/revisions"}],"wp:featuredmedia":[{"embeddable":true,"href":"http:\/\/argentinamunicipal.com.ar\/argentina\/wp-json\/wp\/v2\/media\/107820"}],"wp:attachment":[{"href":"http:\/\/argentinamunicipal.com.ar\/argentina\/wp-json\/wp\/v2\/media?parent=107819"}],"wp:term":[{"taxonomy":"category","embeddable":true,"href":"http:\/\/argentinamunicipal.com.ar\/argentina\/wp-json\/wp\/v2\/categories?post=107819"},{"taxonomy":"post_tag","embeddable":true,"href":"http:\/\/argentinamunicipal.com.ar\/argentina\/wp-json\/wp\/v2\/tags?post=107819"}],"curies":[{"name":"wp","href":"https:\/\/api.w.org\/{rel}","templated":true}]}}